{"id":7839,"date":"2014-07-25T11:07:33","date_gmt":"2014-07-25T09:07:33","guid":{"rendered":"http:\/\/blog.magenarquitectos.com\/?p=7839"},"modified":"2021-06-17T10:05:55","modified_gmt":"2021-06-17T10:05:55","slug":"el-centro-espacio-portalet-publicado-en-tc-cuadernos","status":"publish","type":"post","link":"https:\/\/magenarquitectos.com\/en\/el-centro-espacio-portalet-publicado-en-tc-cuadernos\/","title":{"rendered":"El Centro Espacio Portalet, publicado en TC Cuadernos"},"content":{"rendered":"<p><a href=\"https:\/\/magenarquitectos.com\/wp-content\/uploads\/2021\/06\/tc_113.jpg\"><img loading=\"lazy\" class=\"size-full wp-image-7942 aligncenter\" src=\"https:\/\/magenarquitectos.com\/wp-content\/uploads\/2021\/06\/tc_113.jpg\" alt=\"Magen Arquitectos Zaragoza\" width=\"660\" height=\"329\" title=\"\"><\/a><\/p>\n<p>La propuesta de Mag\u00e9n Arquitectos para el concurso del centro cultural transfronterizo &#8220;Espacio Portalet&#8221;,\u00a0\u00a0promovido por la Agrupaci\u00f3n Europea de Cooperaci\u00f3n Territorial &#8220;Espacio Portalet&#8221;, del Departamento de Pirineos Atl\u00e1nticos y el Gobierno de Arag\u00f3n, ha sido publicada en la revista TC Cuadernos, n\u00ba 113.<\/p>\n<p>Proposal by Magen Arquitectos for the competition &#8220;Espacio Portalet Centre&#8221;, developed by the European Agrupation for Territorial Cooperation &#8220;&#8221;Espacio Portalet&#8221;, published by Spanish architectural publication &#8220;TC Cuadernos&#8221;,\u00a0 in its 113th issue.<\/p>\n<p>+info: <a href=\"http:\/\/magenarquitectos.com\/centro-cultural-transfronterizo-espacio-portalet\/\">Centro Espacio Portalet<\/a>, <a href=\"http:\/\/english.magenarquitectos.com\/cross-border-cultural-center-espacio-portalet\/\">Center Espacio Portalet<\/a><\/p>\n","protected":false},"excerpt":{"rendered":"<p>La propuesta de Mag\u00e9n Arquitectos para el concurso del centro cultural transfronterizo &#8220;Espacio Portalet&#8221;,\u00a0\u00a0promovido por la Agrupaci\u00f3n Europea de Cooperaci\u00f3n Territorial &#8220;Espacio Portalet&#8221;, del Departamento de Pirineos Atl\u00e1nticos y el Gobierno de Arag\u00f3n, ha sido publicada en la revista TC Cuadernos, n\u00ba 113. Proposal by Magen Arquitectos for the competition &#8220;Espacio Portalet Centre&#8221;, developed by [&hellip;]<\/p>\n","protected":false},"author":1,"featured_media":0,"comment_status":"open","ping_status":"open","sticky":false,"template":"","format":"standard","meta":{"_monsterinsights_skip_tracking":false,"_monsterinsights_sitenote_active":false,"_monsterinsights_sitenote_note":"","_monsterinsights_sitenote_category":0},"categories":[202,75,65,66,90,194,92],"tags":[115,80,89,93,94,74],"_links":{"self":[{"href":"https:\/\/magenarquitectos.com\/en\/wp-json\/wp\/v2\/posts\/7839"}],"collection":[{"href":"https:\/\/magenarquitectos.com\/en\/wp-json\/wp\/v2\/posts"}],"about":[{"href":"https:\/\/magenarquitectos.com\/en\/wp-json\/wp\/v2\/types\/post"}],"author":[{"embeddable":true,"href":"https:\/\/magenarquitectos.com\/en\/wp-json\/wp\/v2\/users\/1"}],"replies":[{"embeddable":true,"href":"https:\/\/magenarquitectos.com\/en\/wp-json\/wp\/v2\/comments?post=7839"}],"version-history":[{"count":1,"href":"https:\/\/magenarquitectos.com\/en\/wp-json\/wp\/v2\/posts\/7839\/revisions"}],"predecessor-version":[{"id":12980,"href":"https:\/\/magenarquitectos.com\/en\/wp-json\/wp\/v2\/posts\/7839\/revisions\/12980"}],"wp:attachment":[{"href":"https:\/\/magenarquitectos.com\/en\/wp-json\/wp\/v2\/media?parent=7839"}],"wp:term":[{"taxonomy":"category","embeddable":true,"href":"https:\/\/magenarquitectos.com\/en\/wp-json\/wp\/v2\/categories?post=7839"},{"taxonomy":"post_tag","embeddable":true,"href":"https:\/\/magenarquitectos.com\/en\/wp-json\/wp\/v2\/tags?post=7839"}],"curies":[{"name":"wp","href":"https:\/\/api.w.org\/{rel}","templated":true}]}}