{"id":7859,"date":"2014-09-09T20:31:41","date_gmt":"2014-09-09T18:31:41","guid":{"rendered":"http:\/\/blog.magenarquitectos.com\/?p=7859"},"modified":"2021-06-17T10:05:53","modified_gmt":"2021-06-17T10:05:53","slug":"marmor-das-grosse-comeback-bajo-martin-county-featured-in-baunetz","status":"publish","type":"post","link":"https:\/\/magenarquitectos.com\/en\/marmor-das-grosse-comeback-bajo-martin-county-featured-in-baunetz\/","title":{"rendered":"&#8220;Marmor: das grosse comeback&#8221;. Bajo Martin County featured in Baunetz"},"content":{"rendered":"<p><a href=\"https:\/\/magenarquitectos.com\/wp-content\/uploads\/2021\/06\/baunetz.jpg\"><img loading=\"lazy\" class=\"size-full wp-image-7910 aligncenter\" src=\"https:\/\/magenarquitectos.com\/wp-content\/uploads\/2021\/06\/baunetz.jpg\" alt=\"Magen Arquitectos Zaragoza\" width=\"624\" height=\"886\" title=\"\"><\/a><\/p>\n<p>La Sede de la Comarca del Bajo Mart\u00edn en H\u00edjar (Teruel), de Mag\u00e9n Arquitectos, publicada en la revista alemana de arquitectura &#8220;Baunetz&#8221; en su n\u00famero 375.<\/p>\n<p>En un extenso art\u00edculo titulado &#8220;Marmor: das grosse comeback&#8221;, Stephen Becker analiza la evoluci\u00f3n del uso y las cualidades materiales y expresivas de la piedra en la Arquitectura Moderna y Contempor\u00e1nea, relacionando la Biblioteca Beinecke de Gordon Bunshaft (SOM) en Yale (1963) con la Sede de la Comarca del Bajo Mart\u00edn como exploraciones en la posible condici\u00f3n transl\u00facida de los elementos p\u00e9treos.<\/p>\n<p>German architectural publication &#8220;Baunetz&#8221;\u00a0 features the Bajo Mart\u00edn County Seat in Hijar (Teruel), by Mag\u00e9n Arquitectos, in its issue 375.<\/p>\n<p><span id=\"result_box\" lang=\"en\"><span class=\"hps\">In his<\/span> <span class=\"hps\">article\u00a0<\/span><span class=\"hps atn\">&#8220;<\/span>Marmor: das <span class=\"hps\">grosse<\/span> <span class=\"hps\">comeback<\/span>&#8220;, <span class=\"hps\">Stephen<\/span> <span class=\"hps\">Becker<\/span> <span class=\"hps\">analyzes the evolution<\/span> <span class=\"hps\">of the use and<\/span> <span class=\"hps\">the<\/span> <span class=\"hps\">materials and<\/span> <span class=\"hps\">expressive qualities<\/span> <span class=\"hps\">of the stone<\/span> <span class=\"hps\">in Modern<\/span> <span class=\"hps\">and Contemporary<\/span> <span class=\"hps\">Architecture<\/span>, relating the <span class=\"hps\">Beinecke<\/span> <span class=\"hps\">Library<\/span> <span class=\"hps\">by Gordon<\/span> <span class=\"hps\">Bunshaft<\/span> <span class=\"hps\">(SOM<\/span>) <span class=\"hps\">at Yale<\/span> <span class=\"hps\">(1963<\/span><span class=\"hps\">)<\/span> <span class=\"hps\">with <\/span><span class=\"hps\">Bajo<\/span> <span class=\"hps\">Martin Coujnty Seat<\/span> <span class=\"hps\">as<\/span> research on <span class=\"hps\">translucent<\/span> <span class=\"hps\">condition of the<\/span> <span class=\"hps\">stone elements<\/span>.<\/span><\/p>\n<p>+info: <a href=\"http:\/\/magenarquitectos.com\/sede-de-la-comarca-del-bajo-martin-hijar-teruel\/\">Sede de la Comarca del Bajo Martin<\/a>, <a href=\"http:\/\/english.magenarquitectos.com\/bajo-martin-county-seat-hijar-teruel\/\">Bajo Martin County Seat<\/a><\/p>\n","protected":false},"excerpt":{"rendered":"<p>La Sede de la Comarca del Bajo Mart\u00edn en H\u00edjar (Teruel), de Mag\u00e9n Arquitectos, publicada en la revista alemana de arquitectura &#8220;Baunetz&#8221; en su n\u00famero 375. En un extenso art\u00edculo titulado &#8220;Marmor: das grosse comeback&#8221;, Stephen Becker analiza la evoluci\u00f3n del uso y las cualidades materiales y expresivas de la piedra en la Arquitectura Moderna [&hellip;]<\/p>\n","protected":false},"author":1,"featured_media":0,"comment_status":"open","ping_status":"open","sticky":false,"template":"","format":"standard","meta":{"_monsterinsights_skip_tracking":false,"_monsterinsights_sitenote_active":false,"_monsterinsights_sitenote_note":"","_monsterinsights_sitenote_category":0},"categories":[77,65,90,194],"tags":[100,101,115,102,103,105,74],"_links":{"self":[{"href":"https:\/\/magenarquitectos.com\/en\/wp-json\/wp\/v2\/posts\/7859"}],"collection":[{"href":"https:\/\/magenarquitectos.com\/en\/wp-json\/wp\/v2\/posts"}],"about":[{"href":"https:\/\/magenarquitectos.com\/en\/wp-json\/wp\/v2\/types\/post"}],"author":[{"embeddable":true,"href":"https:\/\/magenarquitectos.com\/en\/wp-json\/wp\/v2\/users\/1"}],"replies":[{"embeddable":true,"href":"https:\/\/magenarquitectos.com\/en\/wp-json\/wp\/v2\/comments?post=7859"}],"version-history":[{"count":1,"href":"https:\/\/magenarquitectos.com\/en\/wp-json\/wp\/v2\/posts\/7859\/revisions"}],"predecessor-version":[{"id":12953,"href":"https:\/\/magenarquitectos.com\/en\/wp-json\/wp\/v2\/posts\/7859\/revisions\/12953"}],"wp:attachment":[{"href":"https:\/\/magenarquitectos.com\/en\/wp-json\/wp\/v2\/media?parent=7859"}],"wp:term":[{"taxonomy":"category","embeddable":true,"href":"https:\/\/magenarquitectos.com\/en\/wp-json\/wp\/v2\/categories?post=7859"},{"taxonomy":"post_tag","embeddable":true,"href":"https:\/\/magenarquitectos.com\/en\/wp-json\/wp\/v2\/tags?post=7859"}],"curies":[{"name":"wp","href":"https:\/\/api.w.org\/{rel}","templated":true}]}}