{"id":7861,"date":"2014-09-09T20:34:21","date_gmt":"2014-09-09T18:34:21","guid":{"rendered":"http:\/\/blog.magenarquitectos.com\/?p=7861"},"modified":"2021-06-17T10:05:53","modified_gmt":"2021-06-17T10:05:53","slug":"international-biennial-of-architecture-barbara-cappochin-exhibition-in-japan","status":"publish","type":"post","link":"https:\/\/magenarquitectos.com\/en\/international-biennial-of-architecture-barbara-cappochin-exhibition-in-japan\/","title":{"rendered":"International Biennial of Architecture Barbara Cappochin. Exhibition in Japan"},"content":{"rendered":"<p><a href=\"https:\/\/magenarquitectos.com\/wp-content\/uploads\/2021\/06\/cappochin_japon.jpg\"><img loading=\"lazy\" class=\"size-full wp-image-7907 aligncenter\" src=\"https:\/\/magenarquitectos.com\/wp-content\/uploads\/2021\/06\/cappochin_japon.jpg\" alt=\"Magen Arquitectos Zaragoza\" width=\"542\" height=\"886\" title=\"\"><\/a><\/p>\n<p>As one of the Finalists in the 6th International Biennial of Architecture Barbara Cappochin, Bajo Martin County Seat will be exhibited in in the travelling exhibition to be hold at Italian Institute of Culture in tokyo (Japan) from 26th September to 10th October.<\/p>\n<p>Como uno de los Proyectos Finalistas de la 6\u00aa edici\u00f3n de la Bienal Internacional de Arquitectura &#8220;Barbara Cappochin&#8221;, la Sede de la Comarca del Bajo Mart\u00edn en H\u00edjar (Teruel) participar\u00e1 en la exposici\u00f3n itinerante que se celebrar\u00e1 en el Instituto Italiano de Cultura en Tokio (Jap\u00f3n) del 26 de Septiembre al 10 de Octubre.<\/p>\n<p>+info: <a href=\"http:\/\/magenarquitectos.com\/sede-de-la-comarca-del-bajo-martin-hijar-teruel\/\">Sede de la Comarca del Bajo Martin<\/a>, <a href=\"http:\/\/english.magenarquitectos.com\/bajo-martin-county-seat-hijar-teruel\/\">Bajo Martin County Seat<\/a><\/p>\n","protected":false},"excerpt":{"rendered":"<p>As one of the Finalists in the 6th International Biennial of Architecture Barbara Cappochin, Bajo Martin County Seat will be exhibited in in the travelling exhibition to be hold at Italian Institute of Culture in tokyo (Japan) from 26th September to 10th October. Como uno de los Proyectos Finalistas de la 6\u00aa edici\u00f3n de la [&hellip;]<\/p>\n","protected":false},"author":1,"featured_media":0,"comment_status":"open","ping_status":"open","sticky":false,"template":"","format":"standard","meta":{"_monsterinsights_skip_tracking":false,"_monsterinsights_sitenote_active":false,"_monsterinsights_sitenote_note":"","_monsterinsights_sitenote_category":0},"categories":[77,65,204,69],"tags":[100,101,115,102,126,103,201,68,105,74],"_links":{"self":[{"href":"https:\/\/magenarquitectos.com\/en\/wp-json\/wp\/v2\/posts\/7861"}],"collection":[{"href":"https:\/\/magenarquitectos.com\/en\/wp-json\/wp\/v2\/posts"}],"about":[{"href":"https:\/\/magenarquitectos.com\/en\/wp-json\/wp\/v2\/types\/post"}],"author":[{"embeddable":true,"href":"https:\/\/magenarquitectos.com\/en\/wp-json\/wp\/v2\/users\/1"}],"replies":[{"embeddable":true,"href":"https:\/\/magenarquitectos.com\/en\/wp-json\/wp\/v2\/comments?post=7861"}],"version-history":[{"count":1,"href":"https:\/\/magenarquitectos.com\/en\/wp-json\/wp\/v2\/posts\/7861\/revisions"}],"predecessor-version":[{"id":12947,"href":"https:\/\/magenarquitectos.com\/en\/wp-json\/wp\/v2\/posts\/7861\/revisions\/12947"}],"wp:attachment":[{"href":"https:\/\/magenarquitectos.com\/en\/wp-json\/wp\/v2\/media?parent=7861"}],"wp:term":[{"taxonomy":"category","embeddable":true,"href":"https:\/\/magenarquitectos.com\/en\/wp-json\/wp\/v2\/categories?post=7861"},{"taxonomy":"post_tag","embeddable":true,"href":"https:\/\/magenarquitectos.com\/en\/wp-json\/wp\/v2\/tags?post=7861"}],"curies":[{"name":"wp","href":"https:\/\/api.w.org\/{rel}","templated":true}]}}