{"id":7877,"date":"2014-11-06T11:02:49","date_gmt":"2014-11-06T10:02:49","guid":{"rendered":"http:\/\/blog.magenarquitectos.com\/?p=7877"},"modified":"2021-06-17T10:05:51","modified_gmt":"2021-06-17T10:05:51","slug":"international-seminar-planning-for-sustainable-urban-form-blekinge-institute-of-technology-sweden","status":"publish","type":"post","link":"https:\/\/magenarquitectos.com\/en\/international-seminar-planning-for-sustainable-urban-form-blekinge-institute-of-technology-sweden\/","title":{"rendered":"International Seminar &#8220;Planning for Sustainable Urban Form&#8221;. Blekinge Institute of Technology (Sweden)"},"content":{"rendered":"<p><a href=\"https:\/\/magenarquitectos.com\/wp-content\/uploads\/2021\/06\/blekinge.jpg\"><img loading=\"lazy\" class=\"alignnone wp-image-7878 size-full\" src=\"https:\/\/magenarquitectos.com\/wp-content\/uploads\/2021\/06\/blekinge.jpg\" alt=\"Blekinge Institute of Technology\" width=\"762\" height=\"196\" title=\"\"><\/a><\/p>\n<p>The Swedish School of Planning organizes an International Seminar &#8220;Planning for Sustainable Urban Form&#8221; to provide a forum to debate on sustainability with focus on planning and urban form. The Seminar will gather professors and architects\u00a0 from different countries (Germany, Netherlands, Norway,\u00a0 Singapore, Spain Switzerland\u00a0 and United Kingdom), representing a broad disciplinary filed, ranging from planning to architecture on November 12th to 14th, 2014 at Blekinge Institute of Technology (Karlskrona, Sweden).<\/p>\n<p>Francisco Javier Magen Pardo has been selected to lecture the paper &#8220;Towards a sustainability performance certificate for historical cities&#8221; in the Session &#8220;Urban form, agency and sustainable development&#8221;.<\/p>\n<p>La Swedish School of Planning organiza el Seminario Internacional &#8220;Planning for Sustainable Urban Form&#8221; como foro de debate sobre la sostenibilidad desde el punto de vista del planeamiento y la forma urbana. El Seminario reunir\u00e1 a profesores y arquitectos de varios pa\u00edses (Alemania, Espa\u00f1a, Holanda, Noruega, Reino Unido, Singapur y Suiza), abarcando un amplio campo disciplinar, desde el planeamiento a la arquitectura, del 12 al 14 de Noviembre en el Blekinge Institute of Technology (Karlskrona, Suecia).<\/p>\n<p>Francisco Javier Magen Pardo ha sido seleccionado para presentar su trabajo &#8220;Hacia la certificaci\u00f3n de la sostenibilidad en las ciudades consolidadas&#8221; en la Sesi\u00f3n &#8220;Forma urbana, instituciones y desarrollo sostenible&#8221;.<\/p>\n<p>+info: <a href=\"http:\/\/blog.magenarquitectos.com\/wp-content\/uploads\/2014\/11\/Final-program.pdf\">Final program<\/a><\/p>\n","protected":false},"excerpt":{"rendered":"<p>The Swedish School of Planning organizes an International Seminar &#8220;Planning for Sustainable Urban Form&#8221; to provide a forum to debate on sustainability with focus on planning and urban form. The Seminar will gather professors and architects\u00a0 from different countries (Germany, Netherlands, Norway,\u00a0 Singapore, Spain Switzerland\u00a0 and United Kingdom), representing a broad disciplinary filed, ranging from [&hellip;]<\/p>\n","protected":false},"author":1,"featured_media":0,"comment_status":"open","ping_status":"open","sticky":false,"template":"","format":"standard","meta":{"_monsterinsights_skip_tracking":false,"_monsterinsights_sitenote_active":false,"_monsterinsights_sitenote_note":"","_monsterinsights_sitenote_category":0},"categories":[196,164,130,217,131,165],"tags":[115,82,163,83,74],"_links":{"self":[{"href":"https:\/\/magenarquitectos.com\/en\/wp-json\/wp\/v2\/posts\/7877"}],"collection":[{"href":"https:\/\/magenarquitectos.com\/en\/wp-json\/wp\/v2\/posts"}],"about":[{"href":"https:\/\/magenarquitectos.com\/en\/wp-json\/wp\/v2\/types\/post"}],"author":[{"embeddable":true,"href":"https:\/\/magenarquitectos.com\/en\/wp-json\/wp\/v2\/users\/1"}],"replies":[{"embeddable":true,"href":"https:\/\/magenarquitectos.com\/en\/wp-json\/wp\/v2\/comments?post=7877"}],"version-history":[{"count":1,"href":"https:\/\/magenarquitectos.com\/en\/wp-json\/wp\/v2\/posts\/7877\/revisions"}],"predecessor-version":[{"id":12928,"href":"https:\/\/magenarquitectos.com\/en\/wp-json\/wp\/v2\/posts\/7877\/revisions\/12928"}],"wp:attachment":[{"href":"https:\/\/magenarquitectos.com\/en\/wp-json\/wp\/v2\/media?parent=7877"}],"wp:term":[{"taxonomy":"category","embeddable":true,"href":"https:\/\/magenarquitectos.com\/en\/wp-json\/wp\/v2\/categories?post=7877"},{"taxonomy":"post_tag","embeddable":true,"href":"https:\/\/magenarquitectos.com\/en\/wp-json\/wp\/v2\/tags?post=7877"}],"curies":[{"name":"wp","href":"https:\/\/api.w.org\/{rel}","templated":true}]}}