{"id":7882,"date":"2014-10-06T08:00:50","date_gmt":"2014-10-06T06:00:50","guid":{"rendered":"http:\/\/blog.magenarquitectos.com\/?p=7882"},"modified":"2021-06-17T10:05:52","modified_gmt":"2021-06-17T10:05:52","slug":"magen-arquitectos-en-la-nueva-campana-internacional-de-roche-bobois","status":"publish","type":"post","link":"https:\/\/magenarquitectos.com\/en\/magen-arquitectos-en-la-nueva-campana-internacional-de-roche-bobois\/","title":{"rendered":"Mag\u00e9n Arquitectos en la nueva campa\u00f1a internacional de Roche Bobois"},"content":{"rendered":"<p>La nueva campa\u00f1a internacional Oto\u00f1o-Invierno 2014 de la firma de interiores y mobiliario de dise\u00f1o Roche Bobois incluye uno de los \u00faltimos proyectos construidos por el estudio, la Sede de la Comarca del Bajo Mart\u00edn. El reportaje fue rodado en H\u00edjar (Teruel) el pasado mes de julio.<\/p>\n<p>Last international campaign Autumm-Winter 2014 of the interior-design and contemporary-furniture firm, Roche Bobois, features the Administrative Regional Headquarters and Centre for the development of local Alabaster, located in Hijar (Teruel, Spain), designed by Magen Arquitectos. The photographic report was shooted last July.<\/p>\n<p><a href=\"http:\/\/blog.magenarquitectos.com\/wp-content\/uploads\/2014\/10\/rb01.jpg\"><img loading=\"lazy\" class=\"alignnone size-large wp-image-7885\" src=\"https:\/\/magenarquitectos.com\/wp-content\/uploads\/2021\/06\/rb01-1024x749.jpg\" alt=\"Magen Arquitectos Zaragoza\" width=\"640\" height=\"468\" title=\"\"><\/a><\/p>\n<p><a href=\"http:\/\/blog.magenarquitectos.com\/wp-content\/uploads\/2014\/10\/rb02.jpg\"><img loading=\"lazy\" class=\"alignnone size-large wp-image-7886\" src=\"https:\/\/magenarquitectos.com\/wp-content\/uploads\/2021\/06\/rb02-1024x750.jpg\" alt=\"magen Arquitectos Zaragoza\" width=\"640\" height=\"468\" title=\"\"><\/a><\/p>\n<p>+info: <a href=\"http:\/\/www.roche-bobois.com\/#\/es-ES\/products\/all\/all\/all\/all\/all\/82016\/fullscreen\/\" rel=\"nofollow noopener\" target=\"_blank\">Roche_Bobois<\/a><\/p>\n<p>+info: <a href=\"http:\/\/magenarquitectos.com\/sede-de-la-comarca-del-bajo-martin-hijar-teruel\/\">Sede de la Comarca del Bajo Martin<\/a>, <a href=\"http:\/\/english.magenarquitectos.com\/bajo-martin-county-seat-hijar-teruel\/\">Bajo Martin County Seat<\/a><\/p>\n","protected":false},"excerpt":{"rendered":"<p>La nueva campa\u00f1a internacional Oto\u00f1o-Invierno 2014 de la firma de interiores y mobiliario de dise\u00f1o Roche Bobois incluye uno de los \u00faltimos proyectos construidos por el estudio, la Sede de la Comarca del Bajo Mart\u00edn. El reportaje fue rodado en H\u00edjar (Teruel) el pasado mes de julio. Last international campaign Autumm-Winter 2014 of the interior-design [&hellip;]<\/p>\n","protected":false},"author":1,"featured_media":0,"comment_status":"open","ping_status":"open","sticky":false,"template":"","format":"standard","meta":{"_monsterinsights_skip_tracking":false,"_monsterinsights_sitenote_active":false,"_monsterinsights_sitenote_note":"","_monsterinsights_sitenote_category":0},"categories":[65,66,204,69,90,194],"tags":[100,101,115,102,103,80,105,74],"_links":{"self":[{"href":"https:\/\/magenarquitectos.com\/en\/wp-json\/wp\/v2\/posts\/7882"}],"collection":[{"href":"https:\/\/magenarquitectos.com\/en\/wp-json\/wp\/v2\/posts"}],"about":[{"href":"https:\/\/magenarquitectos.com\/en\/wp-json\/wp\/v2\/types\/post"}],"author":[{"embeddable":true,"href":"https:\/\/magenarquitectos.com\/en\/wp-json\/wp\/v2\/users\/1"}],"replies":[{"embeddable":true,"href":"https:\/\/magenarquitectos.com\/en\/wp-json\/wp\/v2\/comments?post=7882"}],"version-history":[{"count":1,"href":"https:\/\/magenarquitectos.com\/en\/wp-json\/wp\/v2\/posts\/7882\/revisions"}],"predecessor-version":[{"id":12939,"href":"https:\/\/magenarquitectos.com\/en\/wp-json\/wp\/v2\/posts\/7882\/revisions\/12939"}],"wp:attachment":[{"href":"https:\/\/magenarquitectos.com\/en\/wp-json\/wp\/v2\/media?parent=7882"}],"wp:term":[{"taxonomy":"category","embeddable":true,"href":"https:\/\/magenarquitectos.com\/en\/wp-json\/wp\/v2\/categories?post=7882"},{"taxonomy":"post_tag","embeddable":true,"href":"https:\/\/magenarquitectos.com\/en\/wp-json\/wp\/v2\/tags?post=7882"}],"curies":[{"name":"wp","href":"https:\/\/api.w.org\/{rel}","templated":true}]}}