{"id":82,"date":"2008-08-27T14:59:49","date_gmt":"2008-08-27T14:59:49","guid":{"rendered":"http:\/\/magenarquitectos.wordpress.com\/?p=82"},"modified":"2021-06-17T10:30:47","modified_gmt":"2021-06-17T10:30:47","slug":"bauwelt-china","status":"publish","type":"post","link":"https:\/\/magenarquitectos.com\/en\/bauwelt-china\/","title":{"rendered":"Bauwelt China"},"content":{"rendered":"<p><img loading=\"lazy\" class=\"alignnone size-full wp-image-83\" src=\"http:\/\/magenarquitectos.files.wordpress.com\/2008\/08\/noticias_36_1_med.jpg\" alt=\"\" width=\"243\" height=\"250\" title=\"\"><\/p>\n<p>(26\/03\/2007).-\u00a0\u00a0El edificio de 68 viviendas VPO en Zaragoza aparece publicado en el primer n\u00famero de la edici\u00f3n para China de la revista Bauwelt, en el reportaje con el t\u00edtulo &#8220;Newcomers worldwide &#8211; 2007 Bauwelt Prize&#8221;.<br \/>\nEl n\u00famero recoge tambi\u00e9n los temas &#8220;Next Generation Spain&#8221; y &#8220;Next Generation France&#8221;.<\/p>\n<p>68 Social Housing in Zaragoza, by Mag\u00e9n Arquitectos, published in Bauwelt China n\u00ba 1.<\/p>\n","protected":false},"excerpt":{"rendered":"<p>(26\/03\/2007).-\u00a0\u00a0El edificio de 68 viviendas VPO en Zaragoza aparece publicado en el primer n\u00famero de la edici\u00f3n para China de la revista Bauwelt, en el reportaje con el t\u00edtulo &#8220;Newcomers worldwide &#8211; 2007 Bauwelt Prize&#8221;. El n\u00famero recoge tambi\u00e9n los temas &#8220;Next Generation Spain&#8221; y &#8220;Next Generation France&#8221;. 68 Social Housing in Zaragoza, by Mag\u00e9n [&hellip;]<\/p>\n","protected":false},"author":1,"featured_media":0,"comment_status":"open","ping_status":"open","sticky":false,"template":"","format":"standard","meta":{"_monsterinsights_skip_tracking":false,"_monsterinsights_sitenote_active":false,"_monsterinsights_sitenote_note":"","_monsterinsights_sitenote_category":0},"categories":[90,95],"tags":[118,89,98,96,99,74],"_links":{"self":[{"href":"https:\/\/magenarquitectos.com\/en\/wp-json\/wp\/v2\/posts\/82"}],"collection":[{"href":"https:\/\/magenarquitectos.com\/en\/wp-json\/wp\/v2\/posts"}],"about":[{"href":"https:\/\/magenarquitectos.com\/en\/wp-json\/wp\/v2\/types\/post"}],"author":[{"embeddable":true,"href":"https:\/\/magenarquitectos.com\/en\/wp-json\/wp\/v2\/users\/1"}],"replies":[{"embeddable":true,"href":"https:\/\/magenarquitectos.com\/en\/wp-json\/wp\/v2\/comments?post=82"}],"version-history":[{"count":1,"href":"https:\/\/magenarquitectos.com\/en\/wp-json\/wp\/v2\/posts\/82\/revisions"}],"predecessor-version":[{"id":14008,"href":"https:\/\/magenarquitectos.com\/en\/wp-json\/wp\/v2\/posts\/82\/revisions\/14008"}],"wp:attachment":[{"href":"https:\/\/magenarquitectos.com\/en\/wp-json\/wp\/v2\/media?parent=82"}],"wp:term":[{"taxonomy":"category","embeddable":true,"href":"https:\/\/magenarquitectos.com\/en\/wp-json\/wp\/v2\/categories?post=82"},{"taxonomy":"post_tag","embeddable":true,"href":"https:\/\/magenarquitectos.com\/en\/wp-json\/wp\/v2\/tags?post=82"}],"curies":[{"name":"wp","href":"https:\/\/api.w.org\/{rel}","templated":true}]}}