{"id":8654,"date":"2014-12-11T13:02:36","date_gmt":"2014-12-11T12:02:36","guid":{"rendered":"http:\/\/blog.magenarquitectos.com\/?p=8654"},"modified":"2021-06-17T10:05:20","modified_gmt":"2021-06-17T10:05:20","slug":"arquitectura-que-arrima-el-hombro-en-el-blog-cultural-de-el-pais-del-tirador-a-la-ciudad","status":"publish","type":"post","link":"https:\/\/magenarquitectos.com\/en\/arquitectura-que-arrima-el-hombro-en-el-blog-cultural-de-el-pais-del-tirador-a-la-ciudad\/","title":{"rendered":"&#8220;Arquitectura que arrima el hombro&#8221;, en el blog cultural de El Pa\u00eds &#8220;Del tirador a la ciudad&#8221;"},"content":{"rendered":"<p>&#8220;M\u00e1s all\u00e1 de dar la cara, el nuevo Ayuntamiento de Escatr\u00f3n, en Zaragoza, arrima el hombro. El edificio que el estudio zaragozano Mag\u00e9n Arquitectos ha dise\u00f1ado para el consistorio recoge el pueblo, lo completa.&#8221;<\/p>\n<p>Art\u00edculo sobre el Ayuntamiento de Escatr\u00f3n,\u00a0en el blog de cultura de El Pa\u00eds &#8220;Del tirador a la ciudad&#8221;, de Anatxu Zabalbeascoa.<\/p>\n<div id=\"gt-res-c\" class=\"g-unit\">\n<div id=\"gt-res-p\">\n<div id=\"gt-res-data\">\n<div id=\"gt-res-wrap\">\n<div id=\"gt-res-content\" class=\"almost_half_cell\">\n<div dir=\"ltr\"><span id=\"result_box\" class=\"\" lang=\"en\"><span class=\"hps atn\">&#8220;<\/span><span class=\"\">Beyond showing the face<\/span><span class=\"hps\">,<\/span> <span class=\"hps\">the new<\/span> Town<span class=\"hps\"> Hall in<\/span> <span class=\"hps\">Escatron<\/span> lends a hand. <span class=\"hps\">The building<\/span> <span class=\"hps\">that<\/span>\u00a0 <span class=\"hps\">Mag\u00e9n<\/span> <span class=\"hps\">Architects<\/span> <span class=\"hps\">has designed<\/span> <span class=\"hps\">completes the urban fabric<\/span>.&#8221;<\/p>\n<p><span class=\"hps\">Article<\/span> <span class=\"hps\">on the Town Hall in<\/span> <span class=\"hps\">Escatron<\/span>, in the <span class=\"hps\">cultural blog<\/span>\u00a0<span class=\"hps atn\"> &#8220;Del tirador a la ciudad<\/span>&#8221; by <span class=\"hps\">Anatxu Zabalbeascoa<\/span><span class=\"\">.<\/span><\/span><\/div>\n<\/div>\n<\/div>\n<\/div>\n<\/div>\n<\/div>\n<p>&nbsp;<\/p>\n<p><a href=\"https:\/\/magenarquitectos.com\/wp-content\/uploads\/2021\/06\/tirador_hombro.jpg\"><img loading=\"lazy\" class=\"size-full wp-image-8655 aligncenter\" src=\"https:\/\/magenarquitectos.com\/wp-content\/uploads\/2021\/06\/tirador_hombro.jpg\" alt=\"Magen Arquitectos Zaragoza\" width=\"995\" height=\"862\" title=\"\"><\/a><\/p>\n<p>+info: <a href=\"http:\/\/magenarquitectos.com\/ayuntamiento-de-escatron-primera-fase\/\">Ayuntamiento de Escatr\u00f3n<\/a>, <a href=\"http:\/\/english.magenarquitectos.com\/town-hall-in-escatron-first-phase\/\">Escatr\u00f3n Town Hall<\/a><\/p>\n","protected":false},"excerpt":{"rendered":"<p>&#8220;M\u00e1s all\u00e1 de dar la cara, el nuevo Ayuntamiento de Escatr\u00f3n, en Zaragoza, arrima el hombro. El edificio que el estudio zaragozano Mag\u00e9n Arquitectos ha dise\u00f1ado para el consistorio recoge el pueblo, lo completa.&#8221; Art\u00edculo sobre el Ayuntamiento de Escatr\u00f3n,\u00a0en el blog de cultura de El Pa\u00eds &#8220;Del tirador a la ciudad&#8221;, de Anatxu Zabalbeascoa. [&hellip;]<\/p>\n","protected":false},"author":1,"featured_media":0,"comment_status":"open","ping_status":"open","sticky":false,"template":"","format":"standard","meta":{"_monsterinsights_skip_tracking":false,"_monsterinsights_sitenote_active":false,"_monsterinsights_sitenote_note":"","_monsterinsights_sitenote_category":0},"categories":[77,65,90,194],"tags":[100,115,127,128,74],"_links":{"self":[{"href":"https:\/\/magenarquitectos.com\/en\/wp-json\/wp\/v2\/posts\/8654"}],"collection":[{"href":"https:\/\/magenarquitectos.com\/en\/wp-json\/wp\/v2\/posts"}],"about":[{"href":"https:\/\/magenarquitectos.com\/en\/wp-json\/wp\/v2\/types\/post"}],"author":[{"embeddable":true,"href":"https:\/\/magenarquitectos.com\/en\/wp-json\/wp\/v2\/users\/1"}],"replies":[{"embeddable":true,"href":"https:\/\/magenarquitectos.com\/en\/wp-json\/wp\/v2\/comments?post=8654"}],"version-history":[{"count":1,"href":"https:\/\/magenarquitectos.com\/en\/wp-json\/wp\/v2\/posts\/8654\/revisions"}],"predecessor-version":[{"id":12919,"href":"https:\/\/magenarquitectos.com\/en\/wp-json\/wp\/v2\/posts\/8654\/revisions\/12919"}],"wp:attachment":[{"href":"https:\/\/magenarquitectos.com\/en\/wp-json\/wp\/v2\/media?parent=8654"}],"wp:term":[{"taxonomy":"category","embeddable":true,"href":"https:\/\/magenarquitectos.com\/en\/wp-json\/wp\/v2\/categories?post=8654"},{"taxonomy":"post_tag","embeddable":true,"href":"https:\/\/magenarquitectos.com\/en\/wp-json\/wp\/v2\/tags?post=8654"}],"curies":[{"name":"wp","href":"https:\/\/api.w.org\/{rel}","templated":true}]}}