{"id":8703,"date":"2015-02-03T16:15:51","date_gmt":"2015-02-03T15:15:51","guid":{"rendered":"http:\/\/blog.magenarquitectos.com\/?p=8703"},"modified":"2021-06-17T10:05:19","modified_gmt":"2021-06-17T10:05:19","slug":"ciclo-arquiamaestros-colegio-oficial-de-arquitectos-de-aragon","status":"publish","type":"post","link":"https:\/\/magenarquitectos.com\/en\/ciclo-arquiamaestros-colegio-oficial-de-arquitectos-de-aragon\/","title":{"rendered":"Ciclo Arquia\/Maestros. Colegio Oficial de Arquitectos de Arag\u00f3n"},"content":{"rendered":"<p>El Colegio Oficial de Arquitectos de Arag\u00f3n organiza el ciclo de Arquitectura y Cine que incluye la proyecci\u00f3n de los documentales de la colecci\u00f3n Arquia\/Maestros. El d\u00eda 3 de febrero, Jaime Mag\u00e9n presentar\u00e1 el documental dedicado a Rafael Moneo.<\/p>\n<p>Aragon Institute of Architects organizes the cycle Architecture and Cinema, with the exhibition of documentaries included in the collection Arquia\/Maestros. Jaime Magen will present the documentary on Rafael Moneo next 3rd February..<\/p>\n<p><a href=\"https:\/\/magenarquitectos.com\/wp-content\/uploads\/2021\/06\/ciclo-febrero.jpg\"><img loading=\"lazy\" class=\"alignnone size-full wp-image-8704\" src=\"https:\/\/magenarquitectos.com\/wp-content\/uploads\/2021\/06\/ciclo-febrero.jpg\" alt=\"Magen Arquitectos Zaragoza\" width=\"940\" height=\"352\" title=\"\"><\/a><\/p>\n","protected":false},"excerpt":{"rendered":"<p>El Colegio Oficial de Arquitectos de Arag\u00f3n organiza el ciclo de Arquitectura y Cine que incluye la proyecci\u00f3n de los documentales de la colecci\u00f3n Arquia\/Maestros. El d\u00eda 3 de febrero, Jaime Mag\u00e9n presentar\u00e1 el documental dedicado a Rafael Moneo. Aragon Institute of Architects organizes the cycle Architecture and Cinema, with the exhibition of documentaries included [&hellip;]<\/p>\n","protected":false},"author":1,"featured_media":0,"comment_status":"open","ping_status":"open","sticky":false,"template":"","format":"standard","meta":{"_monsterinsights_skip_tracking":false,"_monsterinsights_sitenote_active":false,"_monsterinsights_sitenote_note":"","_monsterinsights_sitenote_category":0},"categories":[196,217],"tags":[115,129,216,74],"_links":{"self":[{"href":"https:\/\/magenarquitectos.com\/en\/wp-json\/wp\/v2\/posts\/8703"}],"collection":[{"href":"https:\/\/magenarquitectos.com\/en\/wp-json\/wp\/v2\/posts"}],"about":[{"href":"https:\/\/magenarquitectos.com\/en\/wp-json\/wp\/v2\/types\/post"}],"author":[{"embeddable":true,"href":"https:\/\/magenarquitectos.com\/en\/wp-json\/wp\/v2\/users\/1"}],"replies":[{"embeddable":true,"href":"https:\/\/magenarquitectos.com\/en\/wp-json\/wp\/v2\/comments?post=8703"}],"version-history":[{"count":1,"href":"https:\/\/magenarquitectos.com\/en\/wp-json\/wp\/v2\/posts\/8703\/revisions"}],"predecessor-version":[{"id":12901,"href":"https:\/\/magenarquitectos.com\/en\/wp-json\/wp\/v2\/posts\/8703\/revisions\/12901"}],"wp:attachment":[{"href":"https:\/\/magenarquitectos.com\/en\/wp-json\/wp\/v2\/media?parent=8703"}],"wp:term":[{"taxonomy":"category","embeddable":true,"href":"https:\/\/magenarquitectos.com\/en\/wp-json\/wp\/v2\/categories?post=8703"},{"taxonomy":"post_tag","embeddable":true,"href":"https:\/\/magenarquitectos.com\/en\/wp-json\/wp\/v2\/tags?post=8703"}],"curies":[{"name":"wp","href":"https:\/\/api.w.org\/{rel}","templated":true}]}}