{"id":8722,"date":"2015-03-11T09:05:49","date_gmt":"2015-03-11T08:05:49","guid":{"rendered":"http:\/\/blog.magenarquitectos.com\/?p=8722"},"modified":"2021-06-17T10:05:18","modified_gmt":"2021-06-17T10:05:18","slug":"la-escuela-infantil-valdespartera-publicada-en-el-anuario-av-2015-spain-yearbook","status":"publish","type":"post","link":"https:\/\/magenarquitectos.com\/en\/la-escuela-infantil-valdespartera-publicada-en-el-anuario-av-2015-spain-yearbook\/","title":{"rendered":"La Escuela Infantil Valdespartera, publicada en el Anuario AV Espa\u00f1a 2015 \/ Spain Yearbook"},"content":{"rendered":"<p><a href=\"https:\/\/magenarquitectos.com\/wp-content\/uploads\/2021\/06\/AV2015.jpg\"><img loading=\"lazy\" class=\" size-full wp-image-8723 alignnone\" src=\"https:\/\/magenarquitectos.com\/wp-content\/uploads\/2021\/06\/AV2015.jpg\" alt=\"Magen Arquitectos Zaragoza\" width=\"744\" height=\"909\" title=\"\"><\/a><\/p>\n<p>La Escuela Infantil de Valdespartera en Zaragoza, de Mag\u00e9n Arquitectos, publicada en el Anuario AV Espa\u00f1a 2015\/ Spain Yearbook.<\/p>\n<p>&#8220;A pesar de la dif\u00edcil situaci\u00f3n econ\u00f3mica, el a\u00f1o ha estado marcado por un moderado optimismo ante los primeros s\u00edntomas de recuperaci\u00f3n; si bien algunos grandes proyectos quedaron paralizados, otros siguieron adelante dejando constancia un a\u00f1o m\u00e1s de la calidad de la arquitectura espa\u00f1ola. En la selecci\u00f3n de 24 obras del periodo se encuentran, junto a edificios como el CaixaForum de Carme Pin\u00f3s o el nuevo palacio de congresos Vegas Altas de Pancorbo, Chac\u00f3n, De Villar y Mart\u00edn Robles, algunas intervenciones sobre lo existente, como el Museo de Bellas Artes de Oviedo, de Francisco Mangado, el centro cultural de Rafael De La-Hoz en Madrid, la ampliaci\u00f3n del Jard\u00edn Bot\u00e1nico en Tenerife, de AMP, un centro asistencial de Josep Mi\u00e0s cerca de Barcelona, o la ampliaci\u00f3n de un colegio de Gaud\u00ed de Pich architects. Adem\u00e1s, algunos de los \u00faltimos proyectos docentes, como las guarder\u00edas de Mag\u00e9n y de Taller B\u00e1sico de Arquitectura, o la facultad de Bellas Artes de Tenerife de GPY; y cuatro experiencias residenciales, de Guillermo V\u00e1zquez Consuegra, Solid arquitectura, Alfredo Pay\u00e1 y Pereda P\u00e9rez. Asimismo, Luis Fern\u00e1ndez-Galiano analiza los principales acontecimientos arquitect\u00f3nicos, repasando los temas m\u00e1s destacados del panorama internacional; y como cada a\u00f1o, recorre los doce meses a trav\u00e9s de las portadas de prensa y ofrece una selecci\u00f3n de los doce edificios m\u00e1s destacados en el mundo en 2014.&#8221; Introducci\u00f3n<\/p>\n<p>Kindergarten Valdespartera in Zaragoza, by Mag\u00e9n Arquitectos, is featured in AV 2015 Spain Yearbook.<\/p>\n<p>In spite of the difficult economic situation, the year has been marked by a moderate optimism at the first signs of recovery. Though some significant projects were halted, others moved forward, wrapping up one more year in which Spanish architecture has produced high quality buildings. The list of 24 works inaugurated during this period includes, along with buildings like the CaixaForum by Carme Pin\u00f3s or the new Congress Center of Vegas Altas by Pancorbo, Chac\u00f3n, De Villar and Mart\u00edn Robles, some interventions on existing structures, such as the Fine Arts Museum of Oviedo by Francisco Mangado, the cultural center in Madrid by Rafael De La-Hoz, the extension of the Botanic Garden in Tenerife by AMP, a therapy center near Barcelona by Josep Mi\u00e0s, or the extension of an old school building by Gaud\u00ed, carried out by Pich architects. The Yearbook also features some of the latest educational projects, like the kindergartens by Mag\u00e9n and by Taller B\u00e1sico de Arquitectura, or the School of Fine Arts of Tenerife by GPY; and four residential experiences, designed by Guillermo V\u00e1zquez Consuegra, Solid arquitectura, Alfredo Pay\u00e1 and Pereda P\u00e9rez. In addition, Luis Fern\u00e1ndez-Galiano analyzes the main architectural events and goes over the most important international issues, summarizing the year through the press covers and making a selection of the twelve most noteworthy world buildings of 2014. (Introduction)<\/p>\n<p>+ info: <a href=\"http:\/\/magenarquitectos.com\/centro-de-educacion-infantil-en-la-ecociudad-valdespartera\/\">Escuela Infantil Valdespartera<\/a>, <a href=\"http:\/\/english.magenarquitectos.com\/kindergarten-valdespartera\/\">Kindergarten Valdespartera<\/a><\/p>\n","protected":false},"excerpt":{"rendered":"<p>La Escuela Infantil de Valdespartera en Zaragoza, de Mag\u00e9n Arquitectos, publicada en el Anuario AV Espa\u00f1a 2015\/ Spain Yearbook. &#8220;A pesar de la dif\u00edcil situaci\u00f3n econ\u00f3mica, el a\u00f1o ha estado marcado por un moderado optimismo ante los primeros s\u00edntomas de recuperaci\u00f3n; si bien algunos grandes proyectos quedaron paralizados, otros siguieron adelante dejando constancia un a\u00f1o [&hellip;]<\/p>\n","protected":false},"author":1,"featured_media":0,"comment_status":"open","ping_status":"open","sticky":false,"template":"","format":"standard","meta":{"_monsterinsights_skip_tracking":false,"_monsterinsights_sitenote_active":false,"_monsterinsights_sitenote_note":"","_monsterinsights_sitenote_category":0},"categories":[65,139,90,194],"tags":[115,134,80,140,87,141,142,215,74],"_links":{"self":[{"href":"https:\/\/magenarquitectos.com\/en\/wp-json\/wp\/v2\/posts\/8722"}],"collection":[{"href":"https:\/\/magenarquitectos.com\/en\/wp-json\/wp\/v2\/posts"}],"about":[{"href":"https:\/\/magenarquitectos.com\/en\/wp-json\/wp\/v2\/types\/post"}],"author":[{"embeddable":true,"href":"https:\/\/magenarquitectos.com\/en\/wp-json\/wp\/v2\/users\/1"}],"replies":[{"embeddable":true,"href":"https:\/\/magenarquitectos.com\/en\/wp-json\/wp\/v2\/comments?post=8722"}],"version-history":[{"count":1,"href":"https:\/\/magenarquitectos.com\/en\/wp-json\/wp\/v2\/posts\/8722\/revisions"}],"predecessor-version":[{"id":12886,"href":"https:\/\/magenarquitectos.com\/en\/wp-json\/wp\/v2\/posts\/8722\/revisions\/12886"}],"wp:attachment":[{"href":"https:\/\/magenarquitectos.com\/en\/wp-json\/wp\/v2\/media?parent=8722"}],"wp:term":[{"taxonomy":"category","embeddable":true,"href":"https:\/\/magenarquitectos.com\/en\/wp-json\/wp\/v2\/categories?post=8722"},{"taxonomy":"post_tag","embeddable":true,"href":"https:\/\/magenarquitectos.com\/en\/wp-json\/wp\/v2\/tags?post=8722"}],"curies":[{"name":"wp","href":"https:\/\/api.w.org\/{rel}","templated":true}]}}