{"id":8742,"date":"2015-03-30T11:58:40","date_gmt":"2015-03-30T09:58:40","guid":{"rendered":"http:\/\/blog.magenarquitectos.com\/?p=8742"},"modified":"2021-06-17T10:05:17","modified_gmt":"2021-06-17T10:05:17","slug":"concurso-nacional-de-proyectos-para-centro-de-promocion-territorial-ocio-educacional-y-actividad-social-de-la-comarca-del-matarranamatarranya-tercer-premio","status":"publish","type":"post","link":"https:\/\/magenarquitectos.com\/en\/concurso-nacional-de-proyectos-para-centro-de-promocion-territorial-ocio-educacional-y-actividad-social-de-la-comarca-del-matarranamatarranya-tercer-premio\/","title":{"rendered":"Concurso Nacional de Proyectos para el Centro de promoci\u00f3n territorial, ocio educacional y actividad social de la Comarca del Matarra\u00f1a (Teruel). Tercer Premio."},"content":{"rendered":"<p><a href=\"https:\/\/magenarquitectos.com\/wp-content\/uploads\/2021\/06\/matarranya_blog.jpg\"><img loading=\"lazy\" class=\"alignnone size-full wp-image-8745\" src=\"https:\/\/magenarquitectos.com\/wp-content\/uploads\/2021\/06\/matarranya_blog.jpg\" alt=\"Magen Arquitectos Zaragoza\" width=\"886\" height=\"399\" title=\"\"><\/a><\/p>\n<p>Con la puntuaci\u00f3n m\u00e1s alta entre todos los participantes en los apartados de calidad formal de la propuesta, capacidad de atracci\u00f3n y equilibrio del programa, y dotaci\u00f3n de equipamientos sociales para los habitantes de la zona, el proyecto del equipo interdisciplinar\u00a0dirigido por Mag\u00e9n Arquitectos ha obtenido el Tercer Premio en el Concurso Nacional de proyectos para el Centro de Promoci\u00f3n Territorial, Ocio Educacional y Actividad Social de la Comarca del Matarra\u00f1a, en Monroyo (Teruel)&#8221;<\/p>\n<p><span id=\"result_box\" class=\"\" lang=\"en\"><span class=\"hps\">With<\/span> <span class=\"hps\">the highest score<\/span> <span class=\"hps\">among all participants<\/span> <span class=\"hps\">in <\/span><span class=\"hps\">formal quality<\/span> <span class=\"hps\">of the proposal<\/span>, attractiveness <span class=\"hps\">and balance<\/span> <span class=\"hps\">of the program,<\/span> <span class=\"hps\">and provision of<\/span> <span class=\"hps\">social services and<\/span> <span class=\"hps\">local<\/span> <span class=\"hps\">equipments<\/span>, the project of <span class=\"hps\">the<\/span> <span class=\"hps\">team led by<\/span> <span class=\"hps\">Magen<\/span> <span class=\"hps\">Arquitectos<\/span> <span class=\"hps\">has obtained<\/span> <span class=\"hps\">Third Prize<\/span> <span class=\"hps\">in the National Competition<\/span><span class=\"hps\"> for<\/span> <span class=\"hps\">the Center<\/span> <span class=\"hps\">for Regional<\/span> <span class=\"hps\">Development<\/span>,\u00a0 <span class=\"hps\">Educational<\/span> <\/span><span id=\"result_box\" class=\"\" lang=\"en\">Leisure <\/span><span id=\"result_box\" class=\"\" lang=\"en\"><span class=\"hps\">and<\/span> <span class=\"hps\">Social<\/span> <span class=\"hps\">Activity<\/span> <span class=\"hps\">of the County of<\/span> <span class=\"hps\">Matarra\u00f1a<\/span> <span class=\"hps\">in<\/span> <span class=\"hps\">Monroyo<\/span> <span class=\"hps\">(Teruel<\/span>) <span class=\"hps atn\">&#8220;<\/span><\/span><\/p>\n","protected":false},"excerpt":{"rendered":"<p>Con la puntuaci\u00f3n m\u00e1s alta entre todos los participantes en los apartados de calidad formal de la propuesta, capacidad de atracci\u00f3n y equilibrio del programa, y dotaci\u00f3n de equipamientos sociales para los habitantes de la zona, el proyecto del equipo interdisciplinar\u00a0dirigido por Mag\u00e9n Arquitectos ha obtenido el Tercer Premio en el Concurso Nacional de proyectos [&hellip;]<\/p>\n","protected":false},"author":1,"featured_media":0,"comment_status":"open","ping_status":"open","sticky":false,"template":"","format":"standard","meta":{"_monsterinsights_skip_tracking":false,"_monsterinsights_sitenote_active":false,"_monsterinsights_sitenote_note":"","_monsterinsights_sitenote_category":0},"categories":[195,202,75,113],"tags":[115,62,70,105,74],"_links":{"self":[{"href":"https:\/\/magenarquitectos.com\/en\/wp-json\/wp\/v2\/posts\/8742"}],"collection":[{"href":"https:\/\/magenarquitectos.com\/en\/wp-json\/wp\/v2\/posts"}],"about":[{"href":"https:\/\/magenarquitectos.com\/en\/wp-json\/wp\/v2\/types\/post"}],"author":[{"embeddable":true,"href":"https:\/\/magenarquitectos.com\/en\/wp-json\/wp\/v2\/users\/1"}],"replies":[{"embeddable":true,"href":"https:\/\/magenarquitectos.com\/en\/wp-json\/wp\/v2\/comments?post=8742"}],"version-history":[{"count":1,"href":"https:\/\/magenarquitectos.com\/en\/wp-json\/wp\/v2\/posts\/8742\/revisions"}],"predecessor-version":[{"id":12880,"href":"https:\/\/magenarquitectos.com\/en\/wp-json\/wp\/v2\/posts\/8742\/revisions\/12880"}],"wp:attachment":[{"href":"https:\/\/magenarquitectos.com\/en\/wp-json\/wp\/v2\/media?parent=8742"}],"wp:term":[{"taxonomy":"category","embeddable":true,"href":"https:\/\/magenarquitectos.com\/en\/wp-json\/wp\/v2\/categories?post=8742"},{"taxonomy":"post_tag","embeddable":true,"href":"https:\/\/magenarquitectos.com\/en\/wp-json\/wp\/v2\/tags?post=8742"}],"curies":[{"name":"wp","href":"https:\/\/api.w.org\/{rel}","templated":true}]}}