{"id":8750,"date":"2015-04-14T09:00:04","date_gmt":"2015-04-14T07:00:04","guid":{"rendered":"http:\/\/blog.magenarquitectos.com\/?p=8750"},"modified":"2021-06-17T10:05:16","modified_gmt":"2021-06-17T10:05:16","slug":"iv-jornada-de-arquitectura-y-fotografia-2014","status":"publish","type":"post","link":"https:\/\/magenarquitectos.com\/en\/iv-jornada-de-arquitectura-y-fotografia-2014\/","title":{"rendered":"IV Jornada de Arquitectura y Fotograf\u00eda. 2014."},"content":{"rendered":"<p><a href=\"https:\/\/magenarquitectos.com\/wp-content\/uploads\/2021\/06\/DSC07629.jpg\"><img loading=\"lazy\" class=\"alignnone size-full wp-image-8756\" src=\"https:\/\/magenarquitectos.com\/wp-content\/uploads\/2021\/06\/DSC07629.jpg\" alt=\"Magen Arquitectos Zaragoza\" width=\"886\" height=\"405\" title=\"\"><\/a><\/p>\n<p>&#8221; (&#8230;) El primero es cercano, una escuela de Mag\u00e9n Arquitectos ubicada en Valdespartera, a las afueras de Zaragoza, y fotografiada por Pedro Pegenaute. Muestro tres im\u00e1genes y les ruego que tengan en cuenta la necesidad del peri\u00f3dico de comunicar con una imagen y de, a la vez, tratar de reumir, impactar e informar. \u00bfPuede un detalle explicar lo que es la escuela? Puede, pero ser\u00eda incompleto. \u00bfPuede el uso, es decir, los alumnos utilizando el colegio, dar una idea del tipo de edificio que es? Claro que s\u00ed, pero eso llevar\u00eda a sacrificar la informaci\u00f3n m\u00e1s pl\u00e1stica o los datos sobre el contexto. Una fotograf\u00eda del contextro servir\u00eda, sin duda, para ubicar el proyecto. Pero ser\u00eda injusta con el propio edificio. Constituir\u00eda m\u00e1s el retrato de un lugar que el de una construcci\u00f3n.\u00a0 Finalmente, en este caso fue posible, o a Pegenaute le fue posible, realizar una fotograf\u00eda capaz de comunicar toda la informaci\u00f3n de la que he hablado a la vez.<\/p>\n<p>Una imagen as\u00ed te ofrece, y perd\u00f3n por la pretensi\u00f3n de la palabra, la tesis del art\u00edculo. Te da la clave para anlizar, la l\u00ednea para titular. Titul\u00e9 esta rese\u00f1a &#8220;el edificio-lugar&#8221;. Este es un barrio nuevo al que ha habidoq ue dotar de infraestructuras. Y una imagen es capaz de explicar c\u00f3mo un trazado cartesiano, ortogonal, de repente se rompe con una sorpresa que modifica la naturaleza del barrio y le da car\u00e1cter al lugar. En parte gracias a que esta foto fue capaz de explicarlo pude yo tambi\u00e9n hablar de ello. Hasta ese punto depende la informaci\u00f3n especializada en medios no especializados de la fotograf\u00eda arquitect\u00f3nica.&#8221; Anatxu Zabalbebascoa.<\/p>\n<p>ISBN 978-84-16272-52-5. Ed. Instituci\u00f3n Fernando el Cat\u00f3lico, Prensas de la Universidad de Zaragoza<\/p>\n","protected":false},"excerpt":{"rendered":"<p>&#8221; (&#8230;) El primero es cercano, una escuela de Mag\u00e9n Arquitectos ubicada en Valdespartera, a las afueras de Zaragoza, y fotografiada por Pedro Pegenaute. Muestro tres im\u00e1genes y les ruego que tengan en cuenta la necesidad del peri\u00f3dico de comunicar con una imagen y de, a la vez, tratar de reumir, impactar e informar. \u00bfPuede [&hellip;]<\/p>\n","protected":false},"author":1,"featured_media":0,"comment_status":"open","ping_status":"open","sticky":false,"template":"","format":"standard","meta":{"_monsterinsights_skip_tracking":false,"_monsterinsights_sitenote_active":false,"_monsterinsights_sitenote_note":"","_monsterinsights_sitenote_category":0},"categories":[90,194],"tags":[115,129,201,68,216,74],"_links":{"self":[{"href":"https:\/\/magenarquitectos.com\/en\/wp-json\/wp\/v2\/posts\/8750"}],"collection":[{"href":"https:\/\/magenarquitectos.com\/en\/wp-json\/wp\/v2\/posts"}],"about":[{"href":"https:\/\/magenarquitectos.com\/en\/wp-json\/wp\/v2\/types\/post"}],"author":[{"embeddable":true,"href":"https:\/\/magenarquitectos.com\/en\/wp-json\/wp\/v2\/users\/1"}],"replies":[{"embeddable":true,"href":"https:\/\/magenarquitectos.com\/en\/wp-json\/wp\/v2\/comments?post=8750"}],"version-history":[{"count":1,"href":"https:\/\/magenarquitectos.com\/en\/wp-json\/wp\/v2\/posts\/8750\/revisions"}],"predecessor-version":[{"id":12874,"href":"https:\/\/magenarquitectos.com\/en\/wp-json\/wp\/v2\/posts\/8750\/revisions\/12874"}],"wp:attachment":[{"href":"https:\/\/magenarquitectos.com\/en\/wp-json\/wp\/v2\/media?parent=8750"}],"wp:term":[{"taxonomy":"category","embeddable":true,"href":"https:\/\/magenarquitectos.com\/en\/wp-json\/wp\/v2\/categories?post=8750"},{"taxonomy":"post_tag","embeddable":true,"href":"https:\/\/magenarquitectos.com\/en\/wp-json\/wp\/v2\/tags?post=8750"}],"curies":[{"name":"wp","href":"https:\/\/api.w.org\/{rel}","templated":true}]}}