{"id":8776,"date":"2015-04-26T18:37:51","date_gmt":"2015-04-26T16:37:51","guid":{"rendered":"http:\/\/blog.magenarquitectos.com\/?p=8776"},"modified":"2021-06-17T10:05:15","modified_gmt":"2021-06-17T10:05:15","slug":"finalizadas-las-obras-de-la-sede-museo-de-la-ruta-del-tambor-y-el-bombo","status":"publish","type":"post","link":"https:\/\/magenarquitectos.com\/en\/finalizadas-las-obras-de-la-sede-museo-de-la-ruta-del-tambor-y-el-bombo\/","title":{"rendered":"Finalizadas las obras de la Sede Museo de la Ruta del Tambor y Bombo"},"content":{"rendered":"<p>Mag\u00e9n Arquitectos ha finalizado la nueva Sede-Museo de la Ruta del Tambor y Bombo, en H\u00edjar (Teruel).<\/p>\n<p>La Ruta fue creada en 1970 para mostrar la riqueza del patrimonio cultural en torno a la Semana Santa en Teruel, y especialmente, en el Bajo Arag\u00f3n. La Ruta agrupa las localidades de Andorra, H\u00edjar, Calanda, Alca\u00f1iz, Samper de Calanda, La Puebla de H\u00edjar, Urrea, Alcorisa y Albalate del Arzobispo.<\/p>\n<p>Magen Arquitectos has completed\u00a0the new Museum for the Drum&amp;Brass Drums Route, in Hijar Teruel (Spain).<\/p>\n<p>This route was developed in 1970 in order to enhance the rich cultural heritage of <span class=\"negrita\">Holy Week<\/span> in Teruel, especially in <span class=\"negrita\">Bajo Aragon region, grouping localities as\u00a0<\/span><span class=\"negrita\">Andorra, Hijar, Calanda, Alca\u00f1iz<\/span>,\u00a0 <span class=\"negrita\">Samper de Calanda, La Puebla de Hijar, Urrea, Alcorisa and Albalate del Arzobispo<\/span>.<\/p>\n<p><a href=\"http:\/\/blog.magenarquitectos.com\/wp-content\/uploads\/2015\/04\/museo14.jpg\"><img loading=\"lazy\" class=\"aligncenter size-large wp-image-8782\" src=\"https:\/\/magenarquitectos.com\/wp-content\/uploads\/2021\/06\/museo14-1024x1024.jpg\" alt=\"museo14\" width=\"640\" height=\"640\" title=\"\"><\/a><\/p>\n<p><a href=\"http:\/\/blog.magenarquitectos.com\/wp-content\/uploads\/2015\/04\/museo2.jpg\"><img loading=\"lazy\" class=\"aligncenter size-large wp-image-8777\" src=\"https:\/\/magenarquitectos.com\/wp-content\/uploads\/2021\/06\/museo2-1024x1024.jpg\" alt=\"museo2\" width=\"640\" height=\"640\" title=\"\"><\/a><\/p>\n<p><a href=\"http:\/\/blog.magenarquitectos.com\/wp-content\/uploads\/2015\/04\/museo6.jpg\"><img loading=\"lazy\" class=\"aligncenter size-large wp-image-8778\" src=\"https:\/\/magenarquitectos.com\/wp-content\/uploads\/2021\/06\/museo6-1024x819.jpg\" alt=\"museo6\" width=\"640\" height=\"512\" title=\"\"><\/a><\/p>\n<p><a href=\"http:\/\/blog.magenarquitectos.com\/wp-content\/uploads\/2015\/04\/museo3.jpg\"><img loading=\"lazy\" class=\"aligncenter size-large wp-image-8785\" src=\"https:\/\/magenarquitectos.com\/wp-content\/uploads\/2021\/06\/museo3-1024x632.jpg\" alt=\"museo3\" width=\"640\" height=\"395\" title=\"\"><\/a><\/p>\n","protected":false},"excerpt":{"rendered":"<p>Mag\u00e9n Arquitectos ha finalizado la nueva Sede-Museo de la Ruta del Tambor y Bombo, en H\u00edjar (Teruel). La Ruta fue creada en 1970 para mostrar la riqueza del patrimonio cultural en torno a la Semana Santa en Teruel, y especialmente, en el Bajo Arag\u00f3n. La Ruta agrupa las localidades de Andorra, H\u00edjar, Calanda, Alca\u00f1iz, Samper [&hellip;]<\/p>\n","protected":false},"author":1,"featured_media":0,"comment_status":"open","ping_status":"open","sticky":false,"template":"","format":"standard","meta":{"_monsterinsights_skip_tracking":false,"_monsterinsights_sitenote_active":false,"_monsterinsights_sitenote_note":"","_monsterinsights_sitenote_category":0},"categories":[86,97,65,66,92],"tags":[101,115,102,151,105,74],"_links":{"self":[{"href":"https:\/\/magenarquitectos.com\/en\/wp-json\/wp\/v2\/posts\/8776"}],"collection":[{"href":"https:\/\/magenarquitectos.com\/en\/wp-json\/wp\/v2\/posts"}],"about":[{"href":"https:\/\/magenarquitectos.com\/en\/wp-json\/wp\/v2\/types\/post"}],"author":[{"embeddable":true,"href":"https:\/\/magenarquitectos.com\/en\/wp-json\/wp\/v2\/users\/1"}],"replies":[{"embeddable":true,"href":"https:\/\/magenarquitectos.com\/en\/wp-json\/wp\/v2\/comments?post=8776"}],"version-history":[{"count":1,"href":"https:\/\/magenarquitectos.com\/en\/wp-json\/wp\/v2\/posts\/8776\/revisions"}],"predecessor-version":[{"id":12863,"href":"https:\/\/magenarquitectos.com\/en\/wp-json\/wp\/v2\/posts\/8776\/revisions\/12863"}],"wp:attachment":[{"href":"https:\/\/magenarquitectos.com\/en\/wp-json\/wp\/v2\/media?parent=8776"}],"wp:term":[{"taxonomy":"category","embeddable":true,"href":"https:\/\/magenarquitectos.com\/en\/wp-json\/wp\/v2\/categories?post=8776"},{"taxonomy":"post_tag","embeddable":true,"href":"https:\/\/magenarquitectos.com\/en\/wp-json\/wp\/v2\/tags?post=8776"}],"curies":[{"name":"wp","href":"https:\/\/api.w.org\/{rel}","templated":true}]}}