{"id":8851,"date":"2015-06-17T18:34:30","date_gmt":"2015-06-17T16:34:30","guid":{"rendered":"http:\/\/blog.magenarquitectos.com\/?p=8851"},"modified":"2021-06-17T10:05:13","modified_gmt":"2021-06-17T10:05:13","slug":"el-centro-ambiental-del-ebro-en-la-proxima-campana-internacional-de-roche-bobois","status":"publish","type":"post","link":"https:\/\/magenarquitectos.com\/en\/el-centro-ambiental-del-ebro-en-la-proxima-campana-internacional-de-roche-bobois\/","title":{"rendered":"El Centro Ambiental del Ebro, en la pr\u00f3xima campa\u00f1a internacional de Roche Bobois"},"content":{"rendered":"<p>La pr\u00f3xima campa\u00f1a internacional de la firma de interiores y mobiliario de dise\u00f1o Roche Bobois incluye uno de los \u00faltimos proyectos construidos por el estudio, el Centro Ambiental del Ebro. El reportaje fue rodado en Zaragoza los d\u00edas 15 y 16 de junio.<\/p>\n<p>Next international campaign of the interior-design and contemporary-furniture firm, Roche Bobois, features the Ebro Environmental Center, located in Zaragoza, designed by Magen Arquitectos. The photographic report was shooted last 15th and 16th June.<\/p>\n<p><a href=\"https:\/\/magenarquitectos.com\/wp-content\/uploads\/2021\/06\/IMG_20150616_0952161.jpg\"><img loading=\"lazy\" class=\"alignleft size-full wp-image-8852\" src=\"https:\/\/magenarquitectos.com\/wp-content\/uploads\/2021\/06\/IMG_20150616_0952161.jpg\" alt=\"Magen Arquitectos Zaragoza\" width=\"886\" height=\"664\" title=\"\"><\/a><\/p>\n<p>+info: <a href=\"http:\/\/magenarquitectos.com\/centro-ambiental-del-ebro-2\/\">Centro Ambiental del Ebro<\/a>, <a href=\"http:\/\/english.magenarquitectos.com\/ebro-environmental-centre-2\/\">Ebro Environmental Centre,<\/a><\/p>\n<p>&nbsp;<\/p>\n<p>&nbsp;<\/p>\n<p>&nbsp;<\/p>\n","protected":false},"excerpt":{"rendered":"<p>La pr\u00f3xima campa\u00f1a internacional de la firma de interiores y mobiliario de dise\u00f1o Roche Bobois incluye uno de los \u00faltimos proyectos construidos por el estudio, el Centro Ambiental del Ebro. El reportaje fue rodado en Zaragoza los d\u00edas 15 y 16 de junio. Next international campaign of the interior-design and contemporary-furniture firm, Roche Bobois, features [&hellip;]<\/p>\n","protected":false},"author":1,"featured_media":0,"comment_status":"open","ping_status":"open","sticky":false,"template":"","format":"standard","meta":{"_monsterinsights_skip_tracking":false,"_monsterinsights_sitenote_active":false,"_monsterinsights_sitenote_note":"","_monsterinsights_sitenote_category":0},"categories":[77,65,66],"tags":[115,79,80,81,82,83,74],"_links":{"self":[{"href":"https:\/\/magenarquitectos.com\/en\/wp-json\/wp\/v2\/posts\/8851"}],"collection":[{"href":"https:\/\/magenarquitectos.com\/en\/wp-json\/wp\/v2\/posts"}],"about":[{"href":"https:\/\/magenarquitectos.com\/en\/wp-json\/wp\/v2\/types\/post"}],"author":[{"embeddable":true,"href":"https:\/\/magenarquitectos.com\/en\/wp-json\/wp\/v2\/users\/1"}],"replies":[{"embeddable":true,"href":"https:\/\/magenarquitectos.com\/en\/wp-json\/wp\/v2\/comments?post=8851"}],"version-history":[{"count":1,"href":"https:\/\/magenarquitectos.com\/en\/wp-json\/wp\/v2\/posts\/8851\/revisions"}],"predecessor-version":[{"id":12833,"href":"https:\/\/magenarquitectos.com\/en\/wp-json\/wp\/v2\/posts\/8851\/revisions\/12833"}],"wp:attachment":[{"href":"https:\/\/magenarquitectos.com\/en\/wp-json\/wp\/v2\/media?parent=8851"}],"wp:term":[{"taxonomy":"category","embeddable":true,"href":"https:\/\/magenarquitectos.com\/en\/wp-json\/wp\/v2\/categories?post=8851"},{"taxonomy":"post_tag","embeddable":true,"href":"https:\/\/magenarquitectos.com\/en\/wp-json\/wp\/v2\/tags?post=8851"}],"curies":[{"name":"wp","href":"https:\/\/api.w.org\/{rel}","templated":true}]}}