{"id":8858,"date":"2015-06-30T13:00:47","date_gmt":"2015-06-30T11:00:47","guid":{"rendered":"http:\/\/blog.magenarquitectos.com\/?p=8858"},"modified":"2021-06-17T10:05:12","modified_gmt":"2021-06-17T10:05:12","slug":"dos-siglos-de-arquitectura-en-zaragoza-fotografias-para-una-ciudad","status":"publish","type":"post","link":"https:\/\/magenarquitectos.com\/en\/dos-siglos-de-arquitectura-en-zaragoza-fotografias-para-una-ciudad\/","title":{"rendered":"Dos siglos de Arquitectura en Zaragoza. Fotograf\u00edas para una ciudad"},"content":{"rendered":"<p><a href=\"https:\/\/magenarquitectos.com\/wp-content\/uploads\/2021\/06\/expo_puente.jpg\"><img loading=\"lazy\" class=\"alignleft size-full wp-image-8859\" src=\"https:\/\/magenarquitectos.com\/wp-content\/uploads\/2021\/06\/expo_puente.jpg\" alt=\"Magen Arquitectos Zaragoza\" width=\"886\" height=\"646\" title=\"\"><\/a>La Obra Social de Ibercaja presenta <strong>Dos siglos de arquitectura en Zaragoza. Fotograf\u00edas para una ciudad<\/strong>, del 26 de Junio al 1 de Noviembre en el Paball\u00f3n Puente,\u00a0 exposici\u00f3n que cuenta con la colaboraci\u00f3n del Colegio Oficial de Arquitectos de Zaragoza, y realizada con el objetivo de mostrar la fisonom\u00eda de una ciudad que crece y se desarrolla a trav\u00e9s de sus edificios.\u00a0 Sin duda, la arquitectura define una ciudad y la dota de identidad propia. Pero es tambi\u00e9n soporte cotidiano de los sentimientos que sus edificios y construcciones generan en los ciudadanos, y de las sensaciones anidadas en aquellos que la visitan desde otros puntos de la geograf\u00eda exterior.<\/p>\n<p>Entre las obras seleccionadas, se encuentra el edificio de 68 viviendas VPO en Zaragoza, de Mag\u00e9n Arquitectos<\/p>\n<p>Ibercaja organizes the exhibition &#8220;Two centuries of Architecture in Zaragoza. Photographs for a city&#8221;, from 26th June to 1st November, to show the evolution of Zaragoza through its buildings. 68 Social Housing, by Magen Arquitectos, in one of the outstanding works selected.<\/p>\n<p>+info: <a href=\"http:\/\/magenarquitectos.com\/68-viviendas-vpo-en-zaragoza\/\">68 VPO en Zaragoza<\/a>, <a href=\"http:\/\/english.magenarquitectos.com\/68-social-housing-in-zaragoza\/\">68 Social Housing in Zaragoza<\/a><\/p>\n","protected":false},"excerpt":{"rendered":"<p>La Obra Social de Ibercaja presenta Dos siglos de arquitectura en Zaragoza. Fotograf\u00edas para una ciudad, del 26 de Junio al 1 de Noviembre en el Paball\u00f3n Puente,\u00a0 exposici\u00f3n que cuenta con la colaboraci\u00f3n del Colegio Oficial de Arquitectos de Zaragoza, y realizada con el objetivo de mostrar la fisonom\u00eda de una ciudad que crece [&hellip;]<\/p>\n","protected":false},"author":1,"featured_media":0,"comment_status":"open","ping_status":"open","sticky":false,"template":"","format":"standard","meta":{"_monsterinsights_skip_tracking":false,"_monsterinsights_sitenote_active":false,"_monsterinsights_sitenote_note":"","_monsterinsights_sitenote_category":0},"categories":[204,69],"tags":[115,201,68,96,99,74],"_links":{"self":[{"href":"https:\/\/magenarquitectos.com\/en\/wp-json\/wp\/v2\/posts\/8858"}],"collection":[{"href":"https:\/\/magenarquitectos.com\/en\/wp-json\/wp\/v2\/posts"}],"about":[{"href":"https:\/\/magenarquitectos.com\/en\/wp-json\/wp\/v2\/types\/post"}],"author":[{"embeddable":true,"href":"https:\/\/magenarquitectos.com\/en\/wp-json\/wp\/v2\/users\/1"}],"replies":[{"embeddable":true,"href":"https:\/\/magenarquitectos.com\/en\/wp-json\/wp\/v2\/comments?post=8858"}],"version-history":[{"count":1,"href":"https:\/\/magenarquitectos.com\/en\/wp-json\/wp\/v2\/posts\/8858\/revisions"}],"predecessor-version":[{"id":12824,"href":"https:\/\/magenarquitectos.com\/en\/wp-json\/wp\/v2\/posts\/8858\/revisions\/12824"}],"wp:attachment":[{"href":"https:\/\/magenarquitectos.com\/en\/wp-json\/wp\/v2\/media?parent=8858"}],"wp:term":[{"taxonomy":"category","embeddable":true,"href":"https:\/\/magenarquitectos.com\/en\/wp-json\/wp\/v2\/categories?post=8858"},{"taxonomy":"post_tag","embeddable":true,"href":"https:\/\/magenarquitectos.com\/en\/wp-json\/wp\/v2\/tags?post=8858"}],"curies":[{"name":"wp","href":"https:\/\/api.w.org\/{rel}","templated":true}]}}