{"id":8890,"date":"2015-07-28T09:50:41","date_gmt":"2015-07-28T07:50:41","guid":{"rendered":"http:\/\/blog.magenarquitectos.com\/?p=8890"},"modified":"2021-06-17T10:05:10","modified_gmt":"2021-06-17T10:05:10","slug":"el-ayuntamiento-de-escatron-publicado-en-via-construccion","status":"publish","type":"post","link":"https:\/\/magenarquitectos.com\/en\/el-ayuntamiento-de-escatron-publicado-en-via-construccion\/","title":{"rendered":"El Ayuntamiento de Escatr\u00f3n, publicado en V\u00eda Construcci\u00f3n"},"content":{"rendered":"<p>El Ayuntamiento de Escatr\u00f3n, publicado en la revista de arquitectura &#8220;V\u00eda Construcci\u00f3n&#8221;, n\u00ba 125.<\/p>\n<p>Spanish architectural publication &#8220;V\u00eda Construcci\u00f3n&#8221; features the Town Hall in Escatron in its 125 issue.<\/p>\n<p><a href=\"https:\/\/magenarquitectos.com\/wp-content\/uploads\/2021\/06\/via_escatron.jpg\"><img loading=\"lazy\" class=\"aligncenter size-full wp-image-8891\" src=\"https:\/\/magenarquitectos.com\/wp-content\/uploads\/2021\/06\/via_escatron.jpg\" alt=\"Magen Arquitectos Zaragoza\" width=\"606\" height=\"886\" title=\"\"><\/a><\/p>\n<p>+info: <a href=\"http:\/\/magenarquitectos.com\/ayuntamiento-de-escatron-primera-fase\/\">Ayuntamiento de Escatr\u00f3n<\/a>, <a href=\"http:\/\/english.magenarquitectos.com\/town-hall-in-escatron-first-phase\/\">Town Hall in Escatron<\/a><\/p>\n","protected":false},"excerpt":{"rendered":"<p>El Ayuntamiento de Escatr\u00f3n, publicado en la revista de arquitectura &#8220;V\u00eda Construcci\u00f3n&#8221;, n\u00ba 125. Spanish architectural publication &#8220;V\u00eda Construcci\u00f3n&#8221; features the Town Hall in Escatron in its 125 issue. +info: Ayuntamiento de Escatr\u00f3n, Town Hall in Escatron<\/p>\n","protected":false},"author":1,"featured_media":0,"comment_status":"open","ping_status":"open","sticky":false,"template":"","format":"standard","meta":{"_monsterinsights_skip_tracking":false,"_monsterinsights_sitenote_active":false,"_monsterinsights_sitenote_note":"","_monsterinsights_sitenote_category":0},"categories":[77,65,90,194],"tags":[100,115,127,128,74],"_links":{"self":[{"href":"https:\/\/magenarquitectos.com\/en\/wp-json\/wp\/v2\/posts\/8890"}],"collection":[{"href":"https:\/\/magenarquitectos.com\/en\/wp-json\/wp\/v2\/posts"}],"about":[{"href":"https:\/\/magenarquitectos.com\/en\/wp-json\/wp\/v2\/types\/post"}],"author":[{"embeddable":true,"href":"https:\/\/magenarquitectos.com\/en\/wp-json\/wp\/v2\/users\/1"}],"replies":[{"embeddable":true,"href":"https:\/\/magenarquitectos.com\/en\/wp-json\/wp\/v2\/comments?post=8890"}],"version-history":[{"count":1,"href":"https:\/\/magenarquitectos.com\/en\/wp-json\/wp\/v2\/posts\/8890\/revisions"}],"predecessor-version":[{"id":12803,"href":"https:\/\/magenarquitectos.com\/en\/wp-json\/wp\/v2\/posts\/8890\/revisions\/12803"}],"wp:attachment":[{"href":"https:\/\/magenarquitectos.com\/en\/wp-json\/wp\/v2\/media?parent=8890"}],"wp:term":[{"taxonomy":"category","embeddable":true,"href":"https:\/\/magenarquitectos.com\/en\/wp-json\/wp\/v2\/categories?post=8890"},{"taxonomy":"post_tag","embeddable":true,"href":"https:\/\/magenarquitectos.com\/en\/wp-json\/wp\/v2\/tags?post=8890"}],"curies":[{"name":"wp","href":"https:\/\/api.w.org\/{rel}","templated":true}]}}