{"id":8989,"date":"2015-09-10T18:18:49","date_gmt":"2015-09-10T16:18:49","guid":{"rendered":"http:\/\/blog.magenarquitectos.com\/?p=8989"},"modified":"2021-06-17T10:05:06","modified_gmt":"2021-06-17T10:05:06","slug":"comienza-el-curso-escolar-ceip-rosales-del-canal-y-ceip-catalina-de-aragon","status":"publish","type":"post","link":"https:\/\/magenarquitectos.com\/en\/comienza-el-curso-escolar-ceip-rosales-del-canal-y-ceip-catalina-de-aragon\/","title":{"rendered":"Comienza el curso escolar: CEIP Rosales del Canal y CEIP Catalina de Arag\u00f3n, en Zaragoza"},"content":{"rendered":"<p>Las ampliaciones de los colegios Rosales del Canal y Catalina de Arag\u00f3n han abierto sus puertas para el comienzo del curso escolar. Las obras de ambos centros comenzaron en febrero y su duraci\u00f3n ha sido inferior a 7 meses. Mag\u00e9n Arquitectos ha proyectado y dirigido las obras de ampliaci\u00f3n de estos dos centros escolares en Zaragoza, promovidos por la Gerencia de Infraestructuras del Departamento de Educaci\u00f3n, Cultura y Deporte del Gobierno de Arag\u00f3n.<\/p>\n<p><img loading=\"lazy\" class=\"  wp-image-8991 aligncenter\" src=\"https:\/\/magenarquitectos.com\/wp-content\/uploads\/2021\/06\/ceprosales.jpg\" alt=\"arquitecto zaragoza\" width=\"703\" height=\"462\" title=\"\"><\/p>\n<p>La ampliaci\u00f3n del aulario de primaria del CEIP Rosales del Canal, con una superficie construida de casi\u00a01.000 m2\u00a0ha sido ejecutada por la UTE Mariano L\u00f3pez Navarro &#8211;\u00a0 Urbima.<\/p>\n<p>&nbsp;<\/p>\n<p><img loading=\"lazy\" class=\"  wp-image-8990 alignnone\" src=\"https:\/\/magenarquitectos.com\/wp-content\/uploads\/2021\/06\/cepcatalina-1024x1024.jpg\" alt=\"cepcatalina\" width=\"701\" height=\"701\" title=\"\"><\/p>\n<p>La segunda fase del CEIP Catalina de Arag\u00f3n en el barrio de Parque Goya cuenta con una superficie construida\u00a0de\u00a01.980 m2, a los que se suman 2.815 m2 de urbanizaci\u00f3n y m\u00e1s de 600 m2 de porches. Esta obra ha sido ejecutada por la constructora Edhinor S.A.<\/p>\n","protected":false},"excerpt":{"rendered":"<p>Las ampliaciones de los colegios Rosales del Canal y Catalina de Arag\u00f3n han abierto sus puertas para el comienzo del curso escolar. Las obras de ambos centros comenzaron en febrero y su duraci\u00f3n ha sido inferior a 7 meses. Mag\u00e9n Arquitectos ha proyectado y dirigido las obras de ampliaci\u00f3n de estos dos centros escolares en [&hellip;]<\/p>\n","protected":false},"author":1,"featured_media":0,"comment_status":"open","ping_status":"open","sticky":false,"template":"","format":"standard","meta":{"_monsterinsights_skip_tracking":false,"_monsterinsights_sitenote_active":false,"_monsterinsights_sitenote_note":"","_monsterinsights_sitenote_category":0},"categories":[65,139,117],"tags":[115,134,80,140,141,142,162,176,143,74],"_links":{"self":[{"href":"https:\/\/magenarquitectos.com\/en\/wp-json\/wp\/v2\/posts\/8989"}],"collection":[{"href":"https:\/\/magenarquitectos.com\/en\/wp-json\/wp\/v2\/posts"}],"about":[{"href":"https:\/\/magenarquitectos.com\/en\/wp-json\/wp\/v2\/types\/post"}],"author":[{"embeddable":true,"href":"https:\/\/magenarquitectos.com\/en\/wp-json\/wp\/v2\/users\/1"}],"replies":[{"embeddable":true,"href":"https:\/\/magenarquitectos.com\/en\/wp-json\/wp\/v2\/comments?post=8989"}],"version-history":[{"count":1,"href":"https:\/\/magenarquitectos.com\/en\/wp-json\/wp\/v2\/posts\/8989\/revisions"}],"predecessor-version":[{"id":12768,"href":"https:\/\/magenarquitectos.com\/en\/wp-json\/wp\/v2\/posts\/8989\/revisions\/12768"}],"wp:attachment":[{"href":"https:\/\/magenarquitectos.com\/en\/wp-json\/wp\/v2\/media?parent=8989"}],"wp:term":[{"taxonomy":"category","embeddable":true,"href":"https:\/\/magenarquitectos.com\/en\/wp-json\/wp\/v2\/categories?post=8989"},{"taxonomy":"post_tag","embeddable":true,"href":"https:\/\/magenarquitectos.com\/en\/wp-json\/wp\/v2\/tags?post=8989"}],"curies":[{"name":"wp","href":"https:\/\/api.w.org\/{rel}","templated":true}]}}