{"id":8995,"date":"2015-09-15T09:00:46","date_gmt":"2015-09-15T07:00:46","guid":{"rendered":"http:\/\/blog.magenarquitectos.com\/?p=8995"},"modified":"2021-06-17T10:05:06","modified_gmt":"2021-06-17T10:05:06","slug":"tribunal-de-trabajos-de-fin-de-grado-universidad-de-zaragoza","status":"publish","type":"post","link":"https:\/\/magenarquitectos.com\/en\/tribunal-de-trabajos-de-fin-de-grado-universidad-de-zaragoza\/","title":{"rendered":"Tribunal de Trabajos de Fin de Grado. Universidad de Zaragoza"},"content":{"rendered":"<p>Francisco Javier Mag\u00e9n formar\u00e1 parte del Tribunal de Trabajos Fin de Grado de la Escuela de Arquitectura de la Universidad de Zaragoza. Las sesiones p\u00fablicas tendr\u00e1s lugar el 15 de Septiembre y del 6 al 8 de Octubre.<\/p>\n<p><a href=\"https:\/\/magenarquitectos.com\/wp-content\/uploads\/2021\/06\/logo.jpg\"><img loading=\"lazy\" class=\" size-full wp-image-9000 aligncenter\" src=\"https:\/\/magenarquitectos.com\/wp-content\/uploads\/2021\/06\/logo.jpg\" alt=\"logo\" width=\"600\" height=\"188\" title=\"\"><\/a><\/p>\n<p>&nbsp;<\/p>\n","protected":false},"excerpt":{"rendered":"<p>Francisco Javier Mag\u00e9n formar\u00e1 parte del Tribunal de Trabajos Fin de Grado de la Escuela de Arquitectura de la Universidad de Zaragoza. Las sesiones p\u00fablicas tendr\u00e1s lugar el 15 de Septiembre y del 6 al 8 de Octubre. &nbsp;<\/p>\n","protected":false},"author":1,"featured_media":0,"comment_status":"open","ping_status":"open","sticky":false,"template":"","format":"standard","meta":{"_monsterinsights_skip_tracking":false,"_monsterinsights_sitenote_active":false,"_monsterinsights_sitenote_note":"","_monsterinsights_sitenote_category":0},"categories":[164,165],"tags":[115,166,74],"_links":{"self":[{"href":"https:\/\/magenarquitectos.com\/en\/wp-json\/wp\/v2\/posts\/8995"}],"collection":[{"href":"https:\/\/magenarquitectos.com\/en\/wp-json\/wp\/v2\/posts"}],"about":[{"href":"https:\/\/magenarquitectos.com\/en\/wp-json\/wp\/v2\/types\/post"}],"author":[{"embeddable":true,"href":"https:\/\/magenarquitectos.com\/en\/wp-json\/wp\/v2\/users\/1"}],"replies":[{"embeddable":true,"href":"https:\/\/magenarquitectos.com\/en\/wp-json\/wp\/v2\/comments?post=8995"}],"version-history":[{"count":1,"href":"https:\/\/magenarquitectos.com\/en\/wp-json\/wp\/v2\/posts\/8995\/revisions"}],"predecessor-version":[{"id":12763,"href":"https:\/\/magenarquitectos.com\/en\/wp-json\/wp\/v2\/posts\/8995\/revisions\/12763"}],"wp:attachment":[{"href":"https:\/\/magenarquitectos.com\/en\/wp-json\/wp\/v2\/media?parent=8995"}],"wp:term":[{"taxonomy":"category","embeddable":true,"href":"https:\/\/magenarquitectos.com\/en\/wp-json\/wp\/v2\/categories?post=8995"},{"taxonomy":"post_tag","embeddable":true,"href":"https:\/\/magenarquitectos.com\/en\/wp-json\/wp\/v2\/tags?post=8995"}],"curies":[{"name":"wp","href":"https:\/\/api.w.org\/{rel}","templated":true}]}}