{"id":9033,"date":"2015-10-07T13:01:56","date_gmt":"2015-10-07T11:01:56","guid":{"rendered":"http:\/\/blog.magenarquitectos.com\/?p=9033"},"modified":"2021-06-17T10:04:51","modified_gmt":"2021-06-17T10:04:51","slug":"local-architecture-arquitectura-en-espacios-comerciales-de-zaragoza-2003-2015","status":"publish","type":"post","link":"https:\/\/magenarquitectos.com\/en\/local-architecture-arquitectura-en-espacios-comerciales-de-zaragoza-2003-2015\/","title":{"rendered":"&#8220;Local Architecture \/\/ arquitecturas en espacios comerciales de Zaragoza, 2003-2015&#8221;"},"content":{"rendered":"<p><a href=\"https:\/\/magenarquitectos.com\/wp-content\/uploads\/2021\/06\/local_architecture.jpg\"><img loading=\"lazy\" class=\"alignnone size-full wp-image-9034\" src=\"https:\/\/magenarquitectos.com\/wp-content\/uploads\/2021\/06\/local_architecture.jpg\" alt=\"Magen Arquitectos Zaragoza\" width=\"886\" height=\"585\" title=\"\"><\/a><\/p>\n<p>Se inaugura la exposici\u00f3n &#8220;Local Architecture. Arquitectura en espacios comerciales de Zaragoza 2003-2015&#8221;, comisariada por Jaime Mag\u00e9n, Ignacio Olalla, Marta Quintilla y Carlos Buil y organizada por la Federaci\u00f3n de Empresarios de Comercio y Servicios de Zaragoza y Provincia y la Demarcaci\u00f3n de Zaragoza del Colegio Oficial de Arquitectos de Arag\u00f3n. Dicha exposici\u00f3n podr\u00e1 visitarse en la sala del Cuarto Espacio Cultural de la Diputaci\u00f3n de Zaragoza (Plaza de Espa\u00f1a, 2) desde el d\u00eda 8 hasta el 25 de octubre en horario de martes a s\u00e1bado de 11 a 14 h y de 18 a 21 h y domingos y festivos de 11 a 14 h.<\/p>\n<p>&#8220;La arquitectura se despliega en m\u00faltiples escalas, desde las propuestas urbanas al dise\u00f1o de objetos. Los espacios comerciales recogidos en la exposici\u00f3n son una muestra de la capacidad de la arquitectura para responder tanto a los intereses privados como a las necesidades p\u00fablicas, integrando la capacidad de atracci\u00f3n y la creaci\u00f3n de entornos diferenciados \u2013aspectos propios de la identidad corporativa- en el espacio p\u00fablico de la ciudad, en muchos casos como una prolongaci\u00f3n activa de la vida de la calle. La labor del arquitecto en los locales comerciales busca una s\u00edntesis conceptual de nuevas estrategias de dise\u00f1o y cualificaci\u00f3n del espacio, a partir del an\u00e1lisis del proyecto empresarial y la experiencia del usuario, y de su integraci\u00f3n en el entorno urbano. En el exterior, los proyectos carecen habitualmente de volumetr\u00eda, por lo que el dise\u00f1o de su fachada cobra una especial importancia, como forma de presentarse en el espacio p\u00fablico. En Zaragoza, como ha sucedido en otras ciudades europeas, la condici\u00f3n sugerente y evocadora de determinados espacios comerciales puede llegar a formar parte de la vida y la memoria de la ciudad.&#8221;<\/p>\n<p>The exhibition &#8220;Local Architecure. Retail spaces in Zaragoza, 2003-2015&#8221;, curated by Jaime Magen, Ignacio Olalla, Marta Quintilla and Carlos Buil, to be opened from 8th to 25th October in Cuarto Espacio Cultural exhibition hall.<\/p>\n","protected":false},"excerpt":{"rendered":"<p>Se inaugura la exposici\u00f3n &#8220;Local Architecture. Arquitectura en espacios comerciales de Zaragoza 2003-2015&#8221;, comisariada por Jaime Mag\u00e9n, Ignacio Olalla, Marta Quintilla y Carlos Buil y organizada por la Federaci\u00f3n de Empresarios de Comercio y Servicios de Zaragoza y Provincia y la Demarcaci\u00f3n de Zaragoza del Colegio Oficial de Arquitectos de Arag\u00f3n. Dicha exposici\u00f3n podr\u00e1 visitarse [&hellip;]<\/p>\n","protected":false},"author":1,"featured_media":0,"comment_status":"open","ping_status":"open","sticky":false,"template":"","format":"standard","meta":{"_monsterinsights_skip_tracking":false,"_monsterinsights_sitenote_active":false,"_monsterinsights_sitenote_note":"","_monsterinsights_sitenote_category":0},"categories":[86,204,69,130],"tags":[115,210,72,74],"_links":{"self":[{"href":"https:\/\/magenarquitectos.com\/en\/wp-json\/wp\/v2\/posts\/9033"}],"collection":[{"href":"https:\/\/magenarquitectos.com\/en\/wp-json\/wp\/v2\/posts"}],"about":[{"href":"https:\/\/magenarquitectos.com\/en\/wp-json\/wp\/v2\/types\/post"}],"author":[{"embeddable":true,"href":"https:\/\/magenarquitectos.com\/en\/wp-json\/wp\/v2\/users\/1"}],"replies":[{"embeddable":true,"href":"https:\/\/magenarquitectos.com\/en\/wp-json\/wp\/v2\/comments?post=9033"}],"version-history":[{"count":1,"href":"https:\/\/magenarquitectos.com\/en\/wp-json\/wp\/v2\/posts\/9033\/revisions"}],"predecessor-version":[{"id":12739,"href":"https:\/\/magenarquitectos.com\/en\/wp-json\/wp\/v2\/posts\/9033\/revisions\/12739"}],"wp:attachment":[{"href":"https:\/\/magenarquitectos.com\/en\/wp-json\/wp\/v2\/media?parent=9033"}],"wp:term":[{"taxonomy":"category","embeddable":true,"href":"https:\/\/magenarquitectos.com\/en\/wp-json\/wp\/v2\/categories?post=9033"},{"taxonomy":"post_tag","embeddable":true,"href":"https:\/\/magenarquitectos.com\/en\/wp-json\/wp\/v2\/tags?post=9033"}],"curies":[{"name":"wp","href":"https:\/\/api.w.org\/{rel}","templated":true}]}}