{"id":9042,"date":"2015-10-27T12:41:21","date_gmt":"2015-10-27T11:41:21","guid":{"rendered":"http:\/\/blog.magenarquitectos.com\/?p=9042"},"modified":"2021-06-17T10:04:50","modified_gmt":"2021-06-17T10:04:50","slug":"trabajo-fin-de-grado-javier-murillo-burillo-obsolescencia-de-los-equipamientos-docentes","status":"publish","type":"post","link":"https:\/\/magenarquitectos.com\/en\/trabajo-fin-de-grado-javier-murillo-burillo-obsolescencia-de-los-equipamientos-docentes\/","title":{"rendered":"Universidad de Zaragoza. Trabajo Fin de Grado. Javier Murillo Burillo: &#8220;Obsolescencia de los equipamientos docentes&#8221;"},"content":{"rendered":"<p>&nbsp;<\/p>\n<p>&nbsp;<\/p>\n<p><a href=\"https:\/\/magenarquitectos.com\/wp-content\/uploads\/2021\/06\/MURILLO_BURILLO_JAVIER_612049_TFG0261.jpg\"><img loading=\"lazy\" class=\"alignnone size-full wp-image-9048\" src=\"https:\/\/magenarquitectos.com\/wp-content\/uploads\/2021\/06\/MURILLO_BURILLO_JAVIER_612049_TFG0261.jpg\" alt=\"Jos\u00e9 de Yarza y Garc\u00eda\" width=\"872\" height=\"926\" title=\"\"><\/a><\/p>\n<p>&#8220;Las pautas seguidas en el trabajo se han divido en dos grupos de actuaci\u00f3n, uno de los cuales est\u00e1 m\u00e1s vinculado al uso docente en s\u00ed, y otro con m\u00e1s cosas en com\u00fan con edificios de la misma \u00e9poca. El an\u00e1lisis de los problemas contenidos en el trabajo se ha enfocado siempre desde un enfoque global y no local de los problemas, de forma que se puedan buscar soluciones comunes a varios problemas, simplificando las propuestas y su viabilidad.&#8221; Escuela de Arquitectura de la Universidad de Zaragoza. Trabajo Fin de Grado de Javier Murillo Burillo (Director: Francisco Javier Mag\u00e9n Pardo)<\/p>\n","protected":false},"excerpt":{"rendered":"<p>&nbsp; &nbsp; &#8220;Las pautas seguidas en el trabajo se han divido en dos grupos de actuaci\u00f3n, uno de los cuales est\u00e1 m\u00e1s vinculado al uso docente en s\u00ed, y otro con m\u00e1s cosas en com\u00fan con edificios de la misma \u00e9poca. El an\u00e1lisis de los problemas contenidos en el trabajo se ha enfocado siempre desde [&hellip;]<\/p>\n","protected":false},"author":1,"featured_media":0,"comment_status":"open","ping_status":"open","sticky":false,"template":"","format":"standard","meta":{"_monsterinsights_skip_tracking":false,"_monsterinsights_sitenote_active":false,"_monsterinsights_sitenote_note":"","_monsterinsights_sitenote_category":0},"categories":[164,92,131,165],"tags":[115,166,74],"_links":{"self":[{"href":"https:\/\/magenarquitectos.com\/en\/wp-json\/wp\/v2\/posts\/9042"}],"collection":[{"href":"https:\/\/magenarquitectos.com\/en\/wp-json\/wp\/v2\/posts"}],"about":[{"href":"https:\/\/magenarquitectos.com\/en\/wp-json\/wp\/v2\/types\/post"}],"author":[{"embeddable":true,"href":"https:\/\/magenarquitectos.com\/en\/wp-json\/wp\/v2\/users\/1"}],"replies":[{"embeddable":true,"href":"https:\/\/magenarquitectos.com\/en\/wp-json\/wp\/v2\/comments?post=9042"}],"version-history":[{"count":1,"href":"https:\/\/magenarquitectos.com\/en\/wp-json\/wp\/v2\/posts\/9042\/revisions"}],"predecessor-version":[{"id":12728,"href":"https:\/\/magenarquitectos.com\/en\/wp-json\/wp\/v2\/posts\/9042\/revisions\/12728"}],"wp:attachment":[{"href":"https:\/\/magenarquitectos.com\/en\/wp-json\/wp\/v2\/media?parent=9042"}],"wp:term":[{"taxonomy":"category","embeddable":true,"href":"https:\/\/magenarquitectos.com\/en\/wp-json\/wp\/v2\/categories?post=9042"},{"taxonomy":"post_tag","embeddable":true,"href":"https:\/\/magenarquitectos.com\/en\/wp-json\/wp\/v2\/tags?post=9042"}],"curies":[{"name":"wp","href":"https:\/\/api.w.org\/{rel}","templated":true}]}}