{"id":9082,"date":"2016-01-28T09:10:34","date_gmt":"2016-01-28T08:10:34","guid":{"rendered":"http:\/\/blog.magenarquitectos.com\/?p=9082"},"modified":"2021-06-17T10:04:46","modified_gmt":"2021-06-17T10:04:46","slug":"universidad-de-zaragoza-trabajo-fin-de-grado-javier-piedrafita-perez-integracion-de-las-energias-renovables-en-la-arquitectura-la-piel-fotovoltaica","status":"publish","type":"post","link":"https:\/\/magenarquitectos.com\/en\/universidad-de-zaragoza-trabajo-fin-de-grado-javier-piedrafita-perez-integracion-de-las-energias-renovables-en-la-arquitectura-la-piel-fotovoltaica\/","title":{"rendered":"Universidad de Zaragoza. Trabajo Fin de Grado. Javier Piedrafita P\u00e9rez: &#8220;Integraci\u00f3n de las energ\u00edas renovables en la Arquitectura. La piel fotovoltaica&#8221;"},"content":{"rendered":"<p><a href=\"https:\/\/magenarquitectos.com\/wp-content\/uploads\/2021\/06\/TFG-17reduc043.jpg\"><img loading=\"lazy\" class=\"alignnone size-full wp-image-9083\" src=\"https:\/\/magenarquitectos.com\/wp-content\/uploads\/2021\/06\/TFG-17reduc043.jpg\" alt=\"Magen Arquitectos Zaragoz\" width=\"826\" height=\"886\" title=\"\"><\/a><\/p>\n<p>&#8220;Seg\u00fan datos del Instituto para la Diversificaci\u00f3n y Ahorro de la Energ\u00eda (IDAE), los edificios de la Uni\u00f3n Europea consumen un 40% de la energ\u00eda primaria que se produce, as\u00ed mismo aportan tambi\u00e9n un 40% de emisiones de CO2 a la atm\u00f3sfera, un dato tremendamente preocupante debido al cambio clim\u00e1tico.<br \/>\nEs por esto que la arquitectura se encuentra en un momento de profunda transformaci\u00f3n hacia la sostenibilidad para reducir lo m\u00e1ximo posible la cantidad de estas emisiones provenientes en gran medida de la quema de combustibles f\u00f3siles. Para conseguirlo hay que minimizar la demanda energ\u00e9tica de los edificios, realizando dise\u00f1os bioclim\u00e1ticos y ecoeficientes, adem\u00e1s de maximizar la producci\u00f3n energ\u00e9tica a trav\u00e9s de las energ\u00edas renovables.<br \/>\nEstos sistemas requieren de una buena integraci\u00f3n arquitect\u00f3nica buscando de esta manera el mayor rendimiento posible de las fuentes renovables. De las diferentes tecnolog\u00edas que se pueden implantar, la que m\u00e1s posibilidades tiene de adaptaci\u00f3n a la envolvente del edificio es la fotovoltaica, por eso esta propuesta de Trabajo Fin de Grado est\u00e1 destinada al an\u00e1lisis morfol\u00f3gico, de rendimiento energ\u00e9tico, y constructivo de las nuevas soluciones, aportando diferentes posibilidades de integraci\u00f3n en la arquitectura.&#8221; Escuela de Arquitectura de la Universidad de Zaragoza. Trabajo Fin de Grado de Javier Piedrafita P\u00e9rez (Directores: Francisco Javier Mag\u00e9n Pardo, Cristina Cabello Matud)<\/p>\n","protected":false},"excerpt":{"rendered":"<p>&#8220;Seg\u00fan datos del Instituto para la Diversificaci\u00f3n y Ahorro de la Energ\u00eda (IDAE), los edificios de la Uni\u00f3n Europea consumen un 40% de la energ\u00eda primaria que se produce, as\u00ed mismo aportan tambi\u00e9n un 40% de emisiones de CO2 a la atm\u00f3sfera, un dato tremendamente preocupante debido al cambio clim\u00e1tico. Es por esto que la [&hellip;]<\/p>\n","protected":false},"author":1,"featured_media":0,"comment_status":"open","ping_status":"open","sticky":false,"template":"","format":"standard","meta":{"_monsterinsights_skip_tracking":false,"_monsterinsights_sitenote_active":false,"_monsterinsights_sitenote_note":"","_monsterinsights_sitenote_category":0},"categories":[164,130,131,165],"tags":[115,82,83,166,74],"_links":{"self":[{"href":"https:\/\/magenarquitectos.com\/en\/wp-json\/wp\/v2\/posts\/9082"}],"collection":[{"href":"https:\/\/magenarquitectos.com\/en\/wp-json\/wp\/v2\/posts"}],"about":[{"href":"https:\/\/magenarquitectos.com\/en\/wp-json\/wp\/v2\/types\/post"}],"author":[{"embeddable":true,"href":"https:\/\/magenarquitectos.com\/en\/wp-json\/wp\/v2\/users\/1"}],"replies":[{"embeddable":true,"href":"https:\/\/magenarquitectos.com\/en\/wp-json\/wp\/v2\/comments?post=9082"}],"version-history":[{"count":1,"href":"https:\/\/magenarquitectos.com\/en\/wp-json\/wp\/v2\/posts\/9082\/revisions"}],"predecessor-version":[{"id":12695,"href":"https:\/\/magenarquitectos.com\/en\/wp-json\/wp\/v2\/posts\/9082\/revisions\/12695"}],"wp:attachment":[{"href":"https:\/\/magenarquitectos.com\/en\/wp-json\/wp\/v2\/media?parent=9082"}],"wp:term":[{"taxonomy":"category","embeddable":true,"href":"https:\/\/magenarquitectos.com\/en\/wp-json\/wp\/v2\/categories?post=9082"},{"taxonomy":"post_tag","embeddable":true,"href":"https:\/\/magenarquitectos.com\/en\/wp-json\/wp\/v2\/tags?post=9082"}],"curies":[{"name":"wp","href":"https:\/\/api.w.org\/{rel}","templated":true}]}}