{"id":9156,"date":"2016-03-02T09:15:16","date_gmt":"2016-03-02T08:15:16","guid":{"rendered":"http:\/\/blog.magenarquitectos.com\/?p=9156"},"modified":"2021-06-17T10:04:44","modified_gmt":"2021-06-17T10:04:44","slug":"nueva-arquitectura-espanola-nucleos-densos-y-corrientes-centrifugas-sol89","status":"publish","type":"post","link":"https:\/\/magenarquitectos.com\/en\/nueva-arquitectura-espanola-nucleos-densos-y-corrientes-centrifugas-sol89\/","title":{"rendered":"&#8220;Nueva Arquitectura Espa\u00f1ola. N\u00facleos densos y corrientes centr\u00edfugas&#8221; (Sol89)"},"content":{"rendered":"<p><a href=\"https:\/\/magenarquitectos.com\/wp-content\/uploads\/2021\/06\/05-SOL-8915.jpg\"><img loading=\"lazy\" class=\" size-full wp-image-9176 aligncenter\" src=\"https:\/\/magenarquitectos.com\/wp-content\/uploads\/2021\/06\/05-SOL-8915.jpg\" alt=\"Magen Arquitectos Zaragoza\" width=\"886\" height=\"683\" title=\"\"><\/a><\/p>\n<p>Mar\u00eda Gonz\u00e1lez y Juanjo L\u00f3pez de la Cruz (Sol89) describen el panorama arquitect\u00f3nico espa\u00f1ol de los \u00faltimos a\u00f1os en el art\u00edculo &#8220;Nueva Arquitectura Espa\u00f1ola. N\u00facleos densos y corrientes centr\u00edfugas&#8221; en la revista\u00a0Rassegna di Archittetura e di Urbanistica, editada por la Universidad de la Sapienza de Roma. Entre las obras analizadas, se encuentra la Sede de la Comarca del Bajo Mart\u00edn, de Mag\u00e9n Arquitectos.<\/p>\n<p>Maria Gonzalez and Juanjo Lopez de la Cruz (Sol89) describe <span id=\"result_box\" class=\"\" lang=\"en\">the <span class=\"hps\">Spanish<\/span> <span class=\"hps\">architectural scene<\/span> <span class=\"hps\">in recent years<\/span> <span class=\"hps atn\">in the article &#8220;<\/span>New <\/span><span id=\"result_box\" class=\"\" lang=\"en\"><span class=\"hps\">Spanish <\/span><\/span><span id=\"result_box\" class=\"\" lang=\"en\"><span class=\"hps\">Architecture<\/span> . <span class=\"hps\">Dense<\/span> <span class=\"hps\">core,<\/span> <span class=\"hps\">centrifugal<\/span> <span class=\"hps\">trends<\/span>&#8220;<\/span> <span id=\"result_box\" class=\"\" lang=\"en\"><span class=\"hps\">in the journal<\/span> <span class=\"hps\">Rassegna<\/span> <span class=\"hps\">di<\/span> <span class=\"hps\">Archittetura<\/span> <span class=\"hps\">e<\/span> <span class=\"hps\">di<\/span> <span class=\"hps\">Urbanistica<\/span>, published by the <span class=\"hps\">University<\/span> <span class=\"hps\">Sapienza<\/span> <span class=\"hps\">in Rome.<\/span> <span class=\"hps\">Among<\/span> <span class=\"hps\">the works analyzed<\/span>, <span class=\"hps\">it is<\/span> <span class=\"hps\">included<\/span><span class=\"hps\"> Bajo<\/span> <span class=\"hps\">Martin County Seat<\/span>, by <span class=\"hps\">Magen<\/span> <span class=\"hps\">Arquitectos.<\/span> <\/span><\/p>\n<p>+info: <a href=\"http:\/\/magenarquitectos.wordpress.com\/sede-de-la-comarca-del-bajo-martin-hijar-teruel\/\" rel=\"nofollow noopener\" target=\"_blank\">Sede de la Comarca del Bajo Martin<\/a>, <a href=\"http:\/\/magenarquitectos.wordpress.com\/bajo-martin-county-seat-hijar-teruel\/\" rel=\"nofollow noopener\" target=\"_blank\">Bajo Martin County Seat<\/a><\/p>\n","protected":false},"excerpt":{"rendered":"<p>Mar\u00eda Gonz\u00e1lez y Juanjo L\u00f3pez de la Cruz (Sol89) describen el panorama arquitect\u00f3nico espa\u00f1ol de los \u00faltimos a\u00f1os en el art\u00edculo &#8220;Nueva Arquitectura Espa\u00f1ola. N\u00facleos densos y corrientes centr\u00edfugas&#8221; en la revista\u00a0Rassegna di Archittetura e di Urbanistica, editada por la Universidad de la Sapienza de Roma. Entre las obras analizadas, se encuentra la Sede de [&hellip;]<\/p>\n","protected":false},"author":1,"featured_media":0,"comment_status":"open","ping_status":"open","sticky":false,"template":"","format":"standard","meta":{"_monsterinsights_skip_tracking":false,"_monsterinsights_sitenote_active":false,"_monsterinsights_sitenote_note":"","_monsterinsights_sitenote_category":0},"categories":[77,130,90,194,131],"tags":[100,101,115,102,103,105,74],"_links":{"self":[{"href":"https:\/\/magenarquitectos.com\/en\/wp-json\/wp\/v2\/posts\/9156"}],"collection":[{"href":"https:\/\/magenarquitectos.com\/en\/wp-json\/wp\/v2\/posts"}],"about":[{"href":"https:\/\/magenarquitectos.com\/en\/wp-json\/wp\/v2\/types\/post"}],"author":[{"embeddable":true,"href":"https:\/\/magenarquitectos.com\/en\/wp-json\/wp\/v2\/users\/1"}],"replies":[{"embeddable":true,"href":"https:\/\/magenarquitectos.com\/en\/wp-json\/wp\/v2\/comments?post=9156"}],"version-history":[{"count":1,"href":"https:\/\/magenarquitectos.com\/en\/wp-json\/wp\/v2\/posts\/9156\/revisions"}],"predecessor-version":[{"id":12677,"href":"https:\/\/magenarquitectos.com\/en\/wp-json\/wp\/v2\/posts\/9156\/revisions\/12677"}],"wp:attachment":[{"href":"https:\/\/magenarquitectos.com\/en\/wp-json\/wp\/v2\/media?parent=9156"}],"wp:term":[{"taxonomy":"category","embeddable":true,"href":"https:\/\/magenarquitectos.com\/en\/wp-json\/wp\/v2\/categories?post=9156"},{"taxonomy":"post_tag","embeddable":true,"href":"https:\/\/magenarquitectos.com\/en\/wp-json\/wp\/v2\/tags?post=9156"}],"curies":[{"name":"wp","href":"https:\/\/api.w.org\/{rel}","templated":true}]}}