{"id":9166,"date":"2016-05-02T10:00:56","date_gmt":"2016-05-02T08:00:56","guid":{"rendered":"http:\/\/blog.magenarquitectos.com\/?p=9166"},"modified":"2021-06-17T10:04:42","modified_gmt":"2021-06-17T10:04:42","slug":"universidad-de-zaragoza-trabajo-fin-de-grado-maria-unceta-pajares-la-energia-como-estrategia-de-proyecto-en-la-arquitectura-espanola-contemporanea","status":"publish","type":"post","link":"https:\/\/magenarquitectos.com\/en\/universidad-de-zaragoza-trabajo-fin-de-grado-maria-unceta-pajares-la-energia-como-estrategia-de-proyecto-en-la-arquitectura-espanola-contemporanea\/","title":{"rendered":"Universidad de Zaragoza. Trabajo Fin de Grado. Mar\u00eda Unceta Pajares: &#8220;La energ\u00eda como estrategia de proyecto en la Arquitectura Espa\u00f1ola Contempor\u00e1nea&#8221;"},"content":{"rendered":"<p><a href=\"https:\/\/magenarquitectos.com\/wp-content\/uploads\/2021\/06\/tfg_unceta.jpg\"><img loading=\"lazy\" class=\" size-full wp-image-9167 aligncenter\" src=\"https:\/\/magenarquitectos.com\/wp-content\/uploads\/2021\/06\/tfg_unceta.jpg\" alt=\"Magen Arquitectos Zaragoza\" width=\"794\" height=\"886\" title=\"\"><\/a><\/p>\n<p>&#8220;Se trata de un estudio orientado a conocer e investigar sobre aspectos t\u00e9cnicos y est\u00e9ticos de integraci\u00f3n de la energ\u00eda en la Arquitectura que se hab\u00edan descuidado y se est\u00e1n recuperando en los ultimos a\u00f1os. (&#8230;) El correcto aprovechamiento de la energ\u00eda es primordial, pues no debemos olvidar que lleva consigo una buena integraci\u00f3n de \u00e9sta en los propios edificios, la forma urbana y el entorno. Por esta raz\u00f3n, debemos responder mediante el dise\u00f1o a los planteamientos y necesidades energ\u00e9ticas de la actualidad.&#8221; Escuela de Arquitectura de la Universidad de Zaragoza. Trabajo Fin de Grado de Mar\u00eda Unceta Pajares (Director: Jaime Mag\u00e9n Pardo)<\/p>\n","protected":false},"excerpt":{"rendered":"<p>&#8220;Se trata de un estudio orientado a conocer e investigar sobre aspectos t\u00e9cnicos y est\u00e9ticos de integraci\u00f3n de la energ\u00eda en la Arquitectura que se hab\u00edan descuidado y se est\u00e1n recuperando en los ultimos a\u00f1os. (&#8230;) El correcto aprovechamiento de la energ\u00eda es primordial, pues no debemos olvidar que lleva consigo una buena integraci\u00f3n de [&hellip;]<\/p>\n","protected":false},"author":1,"featured_media":0,"comment_status":"open","ping_status":"open","sticky":false,"template":"","format":"standard","meta":{"_monsterinsights_skip_tracking":false,"_monsterinsights_sitenote_active":false,"_monsterinsights_sitenote_note":"","_monsterinsights_sitenote_category":0},"categories":[164,130,131,165],"tags":[115,82,83,74],"_links":{"self":[{"href":"https:\/\/magenarquitectos.com\/en\/wp-json\/wp\/v2\/posts\/9166"}],"collection":[{"href":"https:\/\/magenarquitectos.com\/en\/wp-json\/wp\/v2\/posts"}],"about":[{"href":"https:\/\/magenarquitectos.com\/en\/wp-json\/wp\/v2\/types\/post"}],"author":[{"embeddable":true,"href":"https:\/\/magenarquitectos.com\/en\/wp-json\/wp\/v2\/users\/1"}],"replies":[{"embeddable":true,"href":"https:\/\/magenarquitectos.com\/en\/wp-json\/wp\/v2\/comments?post=9166"}],"version-history":[{"count":1,"href":"https:\/\/magenarquitectos.com\/en\/wp-json\/wp\/v2\/posts\/9166\/revisions"}],"predecessor-version":[{"id":12659,"href":"https:\/\/magenarquitectos.com\/en\/wp-json\/wp\/v2\/posts\/9166\/revisions\/12659"}],"wp:attachment":[{"href":"https:\/\/magenarquitectos.com\/en\/wp-json\/wp\/v2\/media?parent=9166"}],"wp:term":[{"taxonomy":"category","embeddable":true,"href":"https:\/\/magenarquitectos.com\/en\/wp-json\/wp\/v2\/categories?post=9166"},{"taxonomy":"post_tag","embeddable":true,"href":"https:\/\/magenarquitectos.com\/en\/wp-json\/wp\/v2\/tags?post=9166"}],"curies":[{"name":"wp","href":"https:\/\/api.w.org\/{rel}","templated":true}]}}