{"id":917,"date":"2009-11-30T19:07:02","date_gmt":"2009-11-30T19:07:02","guid":{"rendered":"http:\/\/magenarquitectos.wordpress.com\/2009\/11\/30\/mesa-redonda-arquiaproxima-2008-en-el-coaa-2\/"},"modified":"2009-11-30T19:07:02","modified_gmt":"2009-11-30T19:07:02","slug":"mesa-redonda-arquiaproxima-2008-en-el-coaa-2","status":"publish","type":"post","link":"https:\/\/magenarquitectos.com\/en\/mesa-redonda-arquiaproxima-2008-en-el-coaa-2\/","title":{"rendered":"Mesa Redonda Arquia\/Pr\u00f3xima 2008 en el COAA."},"content":{"rendered":"<p><img loading=\"lazy\" class=\"alignnone size-full wp-image-916\" title=\"mesaredondalr\" src=\"http:\/\/magenarquitectos.files.wordpress.com\/2009\/11\/mesaredondalr1.jpg\" alt=\"\" width=\"420\" height=\"294\"><br \/>\nJaime Mag\u00e9n participar\u00e1 en la Mesa Redonda Arquia\/Pr\u00f3xima 2008 &#8220;Hablemos de principios&#8230;&#8221; que tendr\u00e1 lugar en la Sede del Colegio Oficial de Arquitectos de Arag\u00f3n (C\/San Voto, 7. Zaragoza) el mi\u00e9rcoles, 2 de diciembre de 2009, a las 20.00 h.<\/p>\n<p>Jaime Mag\u00e9n will take part in the roundtable discussion Arqu\u00eda\/Pr\u00f3xima 2008 &#8220;Let\u00b4s talk about principles&#8230;&#8221; at Colegio Oficial de Arquitectos de Arag\u00f3n (c\/ San Voto 7,\u00a0 Zaragoza) on Wednesday, 2nd December, at 20.00 h.<\/p>\n","protected":false},"excerpt":{"rendered":"<p>Jaime Mag\u00e9n participar\u00e1 en la Mesa Redonda Arquia\/Pr\u00f3xima 2008 &#8220;Hablemos de principios&#8230;&#8221; que tendr\u00e1 lugar en la Sede del Colegio Oficial de Arquitectos de Arag\u00f3n (C\/San Voto, 7. Zaragoza) el mi\u00e9rcoles, 2 de diciembre de 2009, a las 20.00 h. Jaime Mag\u00e9n will take part in the roundtable discussion Arqu\u00eda\/Pr\u00f3xima 2008 &#8220;Let\u00b4s talk about principles&#8230;&#8221; [&hellip;]<\/p>\n","protected":false},"author":1,"featured_media":0,"comment_status":"open","ping_status":"open","sticky":false,"template":"","format":"standard","meta":{"_monsterinsights_skip_tracking":false,"_monsterinsights_sitenote_active":false,"_monsterinsights_sitenote_note":"","_monsterinsights_sitenote_category":0},"categories":[69,130,131],"tags":[62,126,129,68,70,74],"_links":{"self":[{"href":"https:\/\/magenarquitectos.com\/en\/wp-json\/wp\/v2\/posts\/917"}],"collection":[{"href":"https:\/\/magenarquitectos.com\/en\/wp-json\/wp\/v2\/posts"}],"about":[{"href":"https:\/\/magenarquitectos.com\/en\/wp-json\/wp\/v2\/types\/post"}],"author":[{"embeddable":true,"href":"https:\/\/magenarquitectos.com\/en\/wp-json\/wp\/v2\/users\/1"}],"replies":[{"embeddable":true,"href":"https:\/\/magenarquitectos.com\/en\/wp-json\/wp\/v2\/comments?post=917"}],"version-history":[{"count":0,"href":"https:\/\/magenarquitectos.com\/en\/wp-json\/wp\/v2\/posts\/917\/revisions"}],"wp:attachment":[{"href":"https:\/\/magenarquitectos.com\/en\/wp-json\/wp\/v2\/media?parent=917"}],"wp:term":[{"taxonomy":"category","embeddable":true,"href":"https:\/\/magenarquitectos.com\/en\/wp-json\/wp\/v2\/categories?post=917"},{"taxonomy":"post_tag","embeddable":true,"href":"https:\/\/magenarquitectos.com\/en\/wp-json\/wp\/v2\/tags?post=917"}],"curies":[{"name":"wp","href":"https:\/\/api.w.org\/{rel}","templated":true}]}}