{"id":9170,"date":"2016-05-18T12:10:12","date_gmt":"2016-05-18T10:10:12","guid":{"rendered":"http:\/\/blog.magenarquitectos.com\/?p=9170"},"modified":"2021-06-17T10:04:39","modified_gmt":"2021-06-17T10:04:39","slug":"iii-congreso-nacional-de-arquitectura-pioneros-de-la-arquitectura-moderna-espanola","status":"publish","type":"post","link":"https:\/\/magenarquitectos.com\/en\/iii-congreso-nacional-de-arquitectura-pioneros-de-la-arquitectura-moderna-espanola\/","title":{"rendered":"III Congreso Nacional de Arquitectura &#8220;Pioneros de la Arquitectura Moderna Espa\u00f1ola&#8221;"},"content":{"rendered":"<p><a href=\"https:\/\/magenarquitectos.com\/wp-content\/uploads\/2021\/06\/programa-III-CONGRESO-NACIONAL-DE-ARQUITECTURA1.jpg\"><img loading=\"lazy\" class=\"alignleft size-full wp-image-9171\" src=\"https:\/\/magenarquitectos.com\/wp-content\/uploads\/2021\/06\/programa-III-CONGRESO-NACIONAL-DE-ARQUITECTURA1.jpg\" alt=\"Magen Arquitectos Zaragoza\" width=\"886\" height=\"442\" title=\"\"><\/a><\/p>\n<p>La Fundaci\u00f3n Alejandro de la Sota, con la colaboraci\u00f3n del Ministerio de Fomento, organiza el III Congreso Nacional de Arquitectura &#8220;Pioneros de la Arquitectura Moderna Espa\u00f1ola: an\u00e1lisis cr\u00edtico de una obra&#8221;, dedicado al estudio de obras relevantes construidas por arquitectos espa\u00f1oles nacidos en torno a las d\u00e9cadas de 1910 y 1920,\u00a0 el 20 y 21 de Mayo de 2016 en Madrid.<\/p>\n<p>Jaime Magen Pardo ha sido seleccionado para presentar su ponencia \u201cLa Iglesia Parroquial de Canfranc. Miguel Fisac. Memoria y materia del lugar\u201d.<\/p>\n<p>Alejandro de la Sota Foundation and Ministry of Fomento organize the III National Congress of Architecture &#8220;Pioneers of \u00a0 Spanish Modern Architecture: critical analysis of a work&#8221;, dedicated to the study of significant works built by Spanish architects born around the 1910s and 1020s. The Congress will be held\u00a0 on 20th and 21st May 2016 in Madrid.<\/p>\n<p>Jaime Magen Pardo has been selected to lecture the paper \u201cParish church in Canfranc by Miguel Fisac. Memory and matter of the place\u201d.<\/p>\n<p>+info: <a href=\"http:\/\/www.alejandrodelasota.org\/programa-iii-congreso-pioneros-de-la-arquitectura-moderna-espanola-analisis-critico-de-una-obra\/\" rel=\"nofollow noopener\" target=\"_blank\">Programa del Congreso<\/a><\/p>\n","protected":false},"excerpt":{"rendered":"<p>La Fundaci\u00f3n Alejandro de la Sota, con la colaboraci\u00f3n del Ministerio de Fomento, organiza el III Congreso Nacional de Arquitectura &#8220;Pioneros de la Arquitectura Moderna Espa\u00f1ola: an\u00e1lisis cr\u00edtico de una obra&#8221;, dedicado al estudio de obras relevantes construidas por arquitectos espa\u00f1oles nacidos en torno a las d\u00e9cadas de 1910 y 1920,\u00a0 el 20 y 21 [&hellip;]<\/p>\n","protected":false},"author":1,"featured_media":0,"comment_status":"open","ping_status":"open","sticky":false,"template":"","format":"standard","meta":{"_monsterinsights_skip_tracking":false,"_monsterinsights_sitenote_active":false,"_monsterinsights_sitenote_note":"","_monsterinsights_sitenote_category":0},"categories":[130,131],"tags":[115,129,184,185,216,74],"_links":{"self":[{"href":"https:\/\/magenarquitectos.com\/en\/wp-json\/wp\/v2\/posts\/9170"}],"collection":[{"href":"https:\/\/magenarquitectos.com\/en\/wp-json\/wp\/v2\/posts"}],"about":[{"href":"https:\/\/magenarquitectos.com\/en\/wp-json\/wp\/v2\/types\/post"}],"author":[{"embeddable":true,"href":"https:\/\/magenarquitectos.com\/en\/wp-json\/wp\/v2\/users\/1"}],"replies":[{"embeddable":true,"href":"https:\/\/magenarquitectos.com\/en\/wp-json\/wp\/v2\/comments?post=9170"}],"version-history":[{"count":2,"href":"https:\/\/magenarquitectos.com\/en\/wp-json\/wp\/v2\/posts\/9170\/revisions"}],"predecessor-version":[{"id":17483,"href":"https:\/\/magenarquitectos.com\/en\/wp-json\/wp\/v2\/posts\/9170\/revisions\/17483"}],"wp:attachment":[{"href":"https:\/\/magenarquitectos.com\/en\/wp-json\/wp\/v2\/media?parent=9170"}],"wp:term":[{"taxonomy":"category","embeddable":true,"href":"https:\/\/magenarquitectos.com\/en\/wp-json\/wp\/v2\/categories?post=9170"},{"taxonomy":"post_tag","embeddable":true,"href":"https:\/\/magenarquitectos.com\/en\/wp-json\/wp\/v2\/tags?post=9170"}],"curies":[{"name":"wp","href":"https:\/\/api.w.org\/{rel}","templated":true}]}}