{"id":9185,"date":"2016-03-08T13:03:26","date_gmt":"2016-03-08T12:03:26","guid":{"rendered":"http:\/\/blog.magenarquitectos.com\/?p=9185"},"modified":"2021-06-17T10:04:44","modified_gmt":"2021-06-17T10:04:44","slug":"xiii-bienal-espanola-de-arquitectura-y-urbanismo-seleccionado","status":"publish","type":"post","link":"https:\/\/magenarquitectos.com\/en\/xiii-bienal-espanola-de-arquitectura-y-urbanismo-seleccionado\/","title":{"rendered":"XIII Bienal Espa\u00f1ola de Arquitectura y Urbanismo. Seleccionado."},"content":{"rendered":"<p><a href=\"https:\/\/magenarquitectos.com\/wp-content\/uploads\/2021\/06\/anuncio-beau-cielo.jpg\"><img loading=\"lazy\" class=\" size-full wp-image-9186 aligncenter\" src=\"https:\/\/magenarquitectos.com\/wp-content\/uploads\/2021\/06\/anuncio-beau-cielo.jpg\" alt=\"Magen Arquitectos Zaragoza\" width=\"1393\" height=\"550\" title=\"\"><\/a><\/p>\n<p>La <a href=\"http:\/\/magenarquitectos.com\/centro-de-educacion-infantil-en-la-ecociudad-valdespartera\/\">Escuela Infantil Valdespartera (Zaragoza)<\/a> ha sido uno de los Proyectos Seleccionados en la XIII Bienal Espa\u00f1ola de Arquitectura y Urbanismo (XIII BEAU).<\/p>\n<p>En esta edici\u00f3n se\u00a0presentaron 449 obras de arquitectura realizadas en el trienio 2013-2015. Las propuestas seleccionadas &#8220;representan para el jurado un panorama general de la producci\u00f3n arquitect\u00f3nica y urban\u00edstica llevada a cabo en los \u00faltimos a\u00f1os por los arquitectos espa\u00f1oles, en la que priman las intervenciones dom\u00e9sticas y de peque\u00f1a escala frente a los grandes proyectos, las inversiones p\u00fablicas en equipamientos y el planeamiento urban\u00edstico&#8221;.<\/p>\n<p>Mag\u00e9n Arquitectos es el \u00fanico estudio de Arquitectura de Arag\u00f3n cuya obra ha sido distinguida en las tres \u00faltimas ediciones de la Bienal Espa\u00f1ola de Arquitectura y Urbanismo:<\/p>\n<p>&#8211; XI BEAU (2011): <a href=\"http:\/\/magenarquitectos.com\/centro-ambiental-del-ebro-2\/\">Centro Ambiental del Ebro<\/a> (Finalista con Menci\u00f3n), <a href=\"http:\/\/magenarquitectos.com\/44-viviendas-vpo-en-tauste-zaragoza\/\">44 viviendas VPO en Tauste<\/a> (Seleccionado)<\/p>\n<p>&#8211; XII BEAU (2013): <a href=\"http:\/\/magenarquitectos.com\/sede-de-la-comarca-del-bajo-martin-hijar-teruel\/\">Sede de la Comarca del Bajo Mart\u00edn<\/a> (Seleccionado)<\/p>\n<p>&#8211; XIII BEAU (2016): <a href=\"http:\/\/magenarquitectos.com\/centro-de-educacion-infantil-en-la-ecociudad-valdespartera\/\">Escuela Infantil Valdespartera<\/a> (Seleccionado)<\/p>\n<p>&nbsp;<\/p>\n<p><a href=\"http:\/\/english.magenarquitectos.com\/kindergarten-valdespartera\/\">Kindergarten Valdespartera (Zaragoza)<\/a> is one of the Selected Projects in the XIII Spanish Biennial of Architecture and Urbanism (XIII BEAU).<\/p>\n<p>449 works, realized from 2013 to 2015, were presented in this Edition. <span id=\"result_box\" class=\"\" lang=\"en\"><span title=\"Las propuestas seleccionadas &quot;representan para el jurado un panorama general de la producci\u00f3n arquitect\u00f3nica y urban\u00edstica llevada a cabo en los \u00faltimos a\u00f1os por los arquitectos espa\u00f1oles, en la que priman las intervenciones dom\u00e9sticas y de peque\u00f1a escala frente a los grandes proyectos, las inversiones p\u00fablicas en\">Selected proposals &#8220;represent for the jury an overview of the architectural and urban production developed in recent years by Spanish architects, which take precedence domestic interventions and small scale versus large projects, public investment in <\/span><span title=\"equipamientos y el planeamiento urban\u00edstico&quot;.\n\n\">equipments and urban planning. &#8220;<\/span><\/span><\/p>\n<p><span title=\"Mag\u00e9n Arquitectos es el \u00fanico estudio de Arquitectura de Arag\u00f3n cuya obra ha sido distinguida en las tres \u00faltimas ediciones de la Bienal Espa\u00f1ola de Arquitectura y Urbanismo:\n\n\">Magen Architects is the only Architectural office of Aragon whose work has been awarded in the last three editions of the Spanish Biennial of Architecture and Urbanism:<\/span><\/p>\n<p>&#8211; XI BEAU (2011): <a href=\"http:\/\/english.magenarquitectos.com\/ebro-environmental-centre-2\/\">Ebro Environmental Centre<\/a> (Finalist and Menction), <a href=\"http:\/\/english.magenarquitectos.com\/44-social-housing-in-tauste-zaragoza\/\">44 Social Housing Tauste<\/a> (Selected)<\/p>\n<p>&#8211; XII BEAU (2013): <a href=\"http:\/\/english.magenarquitectos.com\/bajo-martin-county-seat-hijar-teruel\/\">Bajo Martin County Seat<\/a> (Selected)<\/p>\n<p>&#8211; XIII BEAU (2016): <a href=\"http:\/\/english.magenarquitectos.com\/kindergarten-valdespartera\/\">Kindergarten Valdespartera<\/a> (Selected)<\/p>\n<p>&nbsp;<\/p>\n","protected":false},"excerpt":{"rendered":"<p>La Escuela Infantil Valdespartera (Zaragoza) ha sido uno de los Proyectos Seleccionados en la XIII Bienal Espa\u00f1ola de Arquitectura y Urbanismo (XIII BEAU). En esta edici\u00f3n se\u00a0presentaron 449 obras de arquitectura realizadas en el trienio 2013-2015. Las propuestas seleccionadas &#8220;representan para el jurado un panorama general de la producci\u00f3n arquitect\u00f3nica y urban\u00edstica llevada a cabo [&hellip;]<\/p>\n","protected":false},"author":1,"featured_media":0,"comment_status":"open","ping_status":"open","sticky":false,"template":"","format":"standard","meta":{"_monsterinsights_skip_tracking":false,"_monsterinsights_sitenote_active":false,"_monsterinsights_sitenote_note":"","_monsterinsights_sitenote_category":0},"categories":[195,220,65,139,113],"tags":[115,134,80,140,141,142,215,74],"_links":{"self":[{"href":"https:\/\/magenarquitectos.com\/en\/wp-json\/wp\/v2\/posts\/9185"}],"collection":[{"href":"https:\/\/magenarquitectos.com\/en\/wp-json\/wp\/v2\/posts"}],"about":[{"href":"https:\/\/magenarquitectos.com\/en\/wp-json\/wp\/v2\/types\/post"}],"author":[{"embeddable":true,"href":"https:\/\/magenarquitectos.com\/en\/wp-json\/wp\/v2\/users\/1"}],"replies":[{"embeddable":true,"href":"https:\/\/magenarquitectos.com\/en\/wp-json\/wp\/v2\/comments?post=9185"}],"version-history":[{"count":1,"href":"https:\/\/magenarquitectos.com\/en\/wp-json\/wp\/v2\/posts\/9185\/revisions"}],"predecessor-version":[{"id":12674,"href":"https:\/\/magenarquitectos.com\/en\/wp-json\/wp\/v2\/posts\/9185\/revisions\/12674"}],"wp:attachment":[{"href":"https:\/\/magenarquitectos.com\/en\/wp-json\/wp\/v2\/media?parent=9185"}],"wp:term":[{"taxonomy":"category","embeddable":true,"href":"https:\/\/magenarquitectos.com\/en\/wp-json\/wp\/v2\/categories?post=9185"},{"taxonomy":"post_tag","embeddable":true,"href":"https:\/\/magenarquitectos.com\/en\/wp-json\/wp\/v2\/tags?post=9185"}],"curies":[{"name":"wp","href":"https:\/\/api.w.org\/{rel}","templated":true}]}}