{"id":9200,"date":"2016-03-15T10:36:07","date_gmt":"2016-03-15T09:36:07","guid":{"rendered":"http:\/\/blog.magenarquitectos.com\/?p=9200"},"modified":"2021-06-17T10:04:44","modified_gmt":"2021-06-17T10:04:44","slug":"workshop-fotografia-de-arquitectura-centro-ambiental-del-ebro","status":"publish","type":"post","link":"https:\/\/magenarquitectos.com\/en\/workshop-fotografia-de-arquitectura-centro-ambiental-del-ebro\/","title":{"rendered":"Workshop &#8211; Fotograf\u00eda de Arquitectura. Centro Ambiental del Ebro"},"content":{"rendered":"<p><a href=\"https:\/\/magenarquitectos.com\/wp-content\/uploads\/2021\/06\/workshop-acaz1.jpg\"><img loading=\"lazy\" class=\"alignleft size-full wp-image-9213\" src=\"https:\/\/magenarquitectos.com\/wp-content\/uploads\/2021\/06\/workshop-acaz1.jpg\" alt=\"Arquitectos Zaragoza\" width=\"780\" height=\"434\" title=\"\"><\/a><a href=\"http:\/\/blog.magenarquitectos.com\/wp-content\/uploads\/2016\/03\/workshop-acaz.jpg\"><br \/>\n<\/a><\/p>\n<p>El pasado s\u00e1bado 12 de marzo se celebr\u00f3 un Workshop de Fotograf\u00eda de Arquitectura en el Centro Ambiental del Ebro, impartido por Mariela Apollonio e I\u00f1aki Bergera y organizado por ACAZ.<\/p>\n<p>A Workshop, focused on architectural photography, was held last Saturday in Ebro Environmental Centre. It was given by Mariella Apollonio e I\u00f1aki Bergera and organized by ACAZ.<\/p>\n","protected":false},"excerpt":{"rendered":"<p>El pasado s\u00e1bado 12 de marzo se celebr\u00f3 un Workshop de Fotograf\u00eda de Arquitectura en el Centro Ambiental del Ebro, impartido por Mariela Apollonio e I\u00f1aki Bergera y organizado por ACAZ. A Workshop, focused on architectural photography, was held last Saturday in Ebro Environmental Centre. It was given by Mariella Apollonio e I\u00f1aki Bergera and [&hellip;]<\/p>\n","protected":false},"author":1,"featured_media":0,"comment_status":"open","ping_status":"open","sticky":false,"template":"","format":"standard","meta":{"_monsterinsights_skip_tracking":false,"_monsterinsights_sitenote_active":false,"_monsterinsights_sitenote_note":"","_monsterinsights_sitenote_category":0},"categories":[196,204,69,217],"tags":[115,79,80,81,82,83,74],"_links":{"self":[{"href":"https:\/\/magenarquitectos.com\/en\/wp-json\/wp\/v2\/posts\/9200"}],"collection":[{"href":"https:\/\/magenarquitectos.com\/en\/wp-json\/wp\/v2\/posts"}],"about":[{"href":"https:\/\/magenarquitectos.com\/en\/wp-json\/wp\/v2\/types\/post"}],"author":[{"embeddable":true,"href":"https:\/\/magenarquitectos.com\/en\/wp-json\/wp\/v2\/users\/1"}],"replies":[{"embeddable":true,"href":"https:\/\/magenarquitectos.com\/en\/wp-json\/wp\/v2\/comments?post=9200"}],"version-history":[{"count":1,"href":"https:\/\/magenarquitectos.com\/en\/wp-json\/wp\/v2\/posts\/9200\/revisions"}],"predecessor-version":[{"id":12671,"href":"https:\/\/magenarquitectos.com\/en\/wp-json\/wp\/v2\/posts\/9200\/revisions\/12671"}],"wp:attachment":[{"href":"https:\/\/magenarquitectos.com\/en\/wp-json\/wp\/v2\/media?parent=9200"}],"wp:term":[{"taxonomy":"category","embeddable":true,"href":"https:\/\/magenarquitectos.com\/en\/wp-json\/wp\/v2\/categories?post=9200"},{"taxonomy":"post_tag","embeddable":true,"href":"https:\/\/magenarquitectos.com\/en\/wp-json\/wp\/v2\/tags?post=9200"}],"curies":[{"name":"wp","href":"https:\/\/api.w.org\/{rel}","templated":true}]}}