{"id":9247,"date":"2016-04-18T15:39:32","date_gmt":"2016-04-18T13:39:32","guid":{"rendered":"http:\/\/blog.magenarquitectos.com\/?p=9247"},"modified":"2021-06-17T10:04:42","modified_gmt":"2021-06-17T10:04:42","slug":"intervencion-en-tve-dia-internacional-de-los-monumentos-y-sitios-historicos","status":"publish","type":"post","link":"https:\/\/magenarquitectos.com\/en\/intervencion-en-tve-dia-internacional-de-los-monumentos-y-sitios-historicos\/","title":{"rendered":"Intervenci\u00f3n en TVE: D\u00eda Internacional de los Monumentos y Sitios Hist\u00f3ricos"},"content":{"rendered":"<p>Jaime Mag\u00e9n ha intervenido en TVE Arag\u00f3n, junto con Ricardo Marco, Decano del Colegio Oficial de Arquitectos de Arag\u00f3n, ha prop\u00f3sito del D\u00eda\u00a0Internacional de los Monumentos y Sitios Hist\u00f3ricos 2016.<\/p>\n<p><img loading=\"lazy\" class=\"aligncenter size-full wp-image-9248\" src=\"https:\/\/magenarquitectos.com\/wp-content\/uploads\/2021\/06\/tve.jpg\" alt=\"arquitecto zaragoza\" width=\"510\" height=\"305\" title=\"\"><\/p>\n","protected":false},"excerpt":{"rendered":"<p>Jaime Mag\u00e9n ha intervenido en TVE Arag\u00f3n, junto con Ricardo Marco, Decano del Colegio Oficial de Arquitectos de Arag\u00f3n, ha prop\u00f3sito del D\u00eda\u00a0Internacional de los Monumentos y Sitios Hist\u00f3ricos 2016.<\/p>\n","protected":false},"author":1,"featured_media":0,"comment_status":"open","ping_status":"open","sticky":false,"template":"","format":"standard","meta":{"_monsterinsights_skip_tracking":false,"_monsterinsights_sitenote_active":false,"_monsterinsights_sitenote_note":"","_monsterinsights_sitenote_category":0},"categories":[146],"tags":[],"_links":{"self":[{"href":"https:\/\/magenarquitectos.com\/en\/wp-json\/wp\/v2\/posts\/9247"}],"collection":[{"href":"https:\/\/magenarquitectos.com\/en\/wp-json\/wp\/v2\/posts"}],"about":[{"href":"https:\/\/magenarquitectos.com\/en\/wp-json\/wp\/v2\/types\/post"}],"author":[{"embeddable":true,"href":"https:\/\/magenarquitectos.com\/en\/wp-json\/wp\/v2\/users\/1"}],"replies":[{"embeddable":true,"href":"https:\/\/magenarquitectos.com\/en\/wp-json\/wp\/v2\/comments?post=9247"}],"version-history":[{"count":1,"href":"https:\/\/magenarquitectos.com\/en\/wp-json\/wp\/v2\/posts\/9247\/revisions"}],"predecessor-version":[{"id":12662,"href":"https:\/\/magenarquitectos.com\/en\/wp-json\/wp\/v2\/posts\/9247\/revisions\/12662"}],"wp:attachment":[{"href":"https:\/\/magenarquitectos.com\/en\/wp-json\/wp\/v2\/media?parent=9247"}],"wp:term":[{"taxonomy":"category","embeddable":true,"href":"https:\/\/magenarquitectos.com\/en\/wp-json\/wp\/v2\/categories?post=9247"},{"taxonomy":"post_tag","embeddable":true,"href":"https:\/\/magenarquitectos.com\/en\/wp-json\/wp\/v2\/tags?post=9247"}],"curies":[{"name":"wp","href":"https:\/\/api.w.org\/{rel}","templated":true}]}}