{"id":9269,"date":"2016-05-09T12:25:56","date_gmt":"2016-05-09T10:25:56","guid":{"rendered":"http:\/\/blog.magenarquitectos.com\/?p=9269"},"modified":"2021-06-17T10:04:40","modified_gmt":"2021-06-17T10:04:40","slug":"la-casa-en-torre-pinar-publicada-en-diseno-interior","status":"publish","type":"post","link":"https:\/\/magenarquitectos.com\/en\/la-casa-en-torre-pinar-publicada-en-diseno-interior\/","title":{"rendered":"La Casa en Torre Pinar, publicada en Dise\u00f1o Interior"},"content":{"rendered":"<p>La revista mensual de arquitectura, interiorismo y dise\u00f1o, DISE\u00d1O INTERIOR, publica en su n\u00famero 282 del\u00a0mes de Mayo de 2016, un amplio reportaje sobre la Casa en Torre Pinar, obra reciente de Mag\u00e9n Arquitectos.<\/p>\n<p>The monthly Madrid-based magazine DISE\u00d1O INTERIOR, devoted to architecture and interior design, features one of the latest projects of Magen Arquitectos, the DV House in Zaragoza (Spain).<\/p>\n<p><img loading=\"lazy\" class=\"aligncenter size-full wp-image-9270\" src=\"https:\/\/magenarquitectos.com\/wp-content\/uploads\/2021\/06\/disenointeriorblog.jpg\" alt=\"arquitectos zaragoza\" width=\"850\" height=\"448\" title=\"\"><\/p>\n<p>+info:\u00a0<a href=\"http:\/\/magenarquitectos.com\/casa-patio-zaragoza\/\"> Casa en Torre Pinar<\/a>, <a href=\"http:\/\/english.magenarquitectos.com\/villa-in-zaragoza\/\">DV House,<\/a><\/p>\n","protected":false},"excerpt":{"rendered":"<p>La revista mensual de arquitectura, interiorismo y dise\u00f1o, DISE\u00d1O INTERIOR, publica en su n\u00famero 282 del\u00a0mes de Mayo de 2016, un amplio reportaje sobre la Casa en Torre Pinar, obra reciente de Mag\u00e9n Arquitectos. The monthly Madrid-based magazine DISE\u00d1O INTERIOR, devoted to architecture and interior design, features one of the latest projects of Magen Arquitectos, [&hellip;]<\/p>\n","protected":false},"author":1,"featured_media":0,"comment_status":"open","ping_status":"open","sticky":false,"template":"","format":"standard","meta":{"_monsterinsights_skip_tracking":false,"_monsterinsights_sitenote_active":false,"_monsterinsights_sitenote_note":"","_monsterinsights_sitenote_category":0},"categories":[86,90,194,95,117],"tags":[115,89,96,74],"_links":{"self":[{"href":"https:\/\/magenarquitectos.com\/en\/wp-json\/wp\/v2\/posts\/9269"}],"collection":[{"href":"https:\/\/magenarquitectos.com\/en\/wp-json\/wp\/v2\/posts"}],"about":[{"href":"https:\/\/magenarquitectos.com\/en\/wp-json\/wp\/v2\/types\/post"}],"author":[{"embeddable":true,"href":"https:\/\/magenarquitectos.com\/en\/wp-json\/wp\/v2\/users\/1"}],"replies":[{"embeddable":true,"href":"https:\/\/magenarquitectos.com\/en\/wp-json\/wp\/v2\/comments?post=9269"}],"version-history":[{"count":1,"href":"https:\/\/magenarquitectos.com\/en\/wp-json\/wp\/v2\/posts\/9269\/revisions"}],"predecessor-version":[{"id":12650,"href":"https:\/\/magenarquitectos.com\/en\/wp-json\/wp\/v2\/posts\/9269\/revisions\/12650"}],"wp:attachment":[{"href":"https:\/\/magenarquitectos.com\/en\/wp-json\/wp\/v2\/media?parent=9269"}],"wp:term":[{"taxonomy":"category","embeddable":true,"href":"https:\/\/magenarquitectos.com\/en\/wp-json\/wp\/v2\/categories?post=9269"},{"taxonomy":"post_tag","embeddable":true,"href":"https:\/\/magenarquitectos.com\/en\/wp-json\/wp\/v2\/tags?post=9269"}],"curies":[{"name":"wp","href":"https:\/\/api.w.org\/{rel}","templated":true}]}}