{"id":9274,"date":"2016-05-16T11:09:25","date_gmt":"2016-05-16T09:09:25","guid":{"rendered":"http:\/\/blog.magenarquitectos.com\/?p=9274"},"modified":"2021-06-17T10:04:39","modified_gmt":"2021-06-17T10:04:39","slug":"premio-catedra-brial-enatica-trabajos-fin-de-grado-universidad-de-zaragoza","status":"publish","type":"post","link":"https:\/\/magenarquitectos.com\/en\/premio-catedra-brial-enatica-trabajos-fin-de-grado-universidad-de-zaragoza\/","title":{"rendered":"Premio C\u00e1tedra Brial-En\u00e1tica. Trabajos Fin de Grado. Universidad de Zaragoza."},"content":{"rendered":"<p><a href=\"https:\/\/magenarquitectos.com\/wp-content\/uploads\/2021\/06\/TFG-17reduc043.jpg\"><img loading=\"lazy\" class=\"alignnone size-full wp-image-9083\" src=\"https:\/\/magenarquitectos.com\/wp-content\/uploads\/2021\/06\/TFG-17reduc043.jpg\" alt=\"Magen Arquitectos Zaragoz\" width=\"826\" height=\"886\" title=\"\"><\/a><\/p>\n<p>El Trabajo Fin de Grado &#8220;Integraci\u00f3n de las energ\u00edas renovables en la Arquitectura. La piel fotovoltaica&#8221; de Javier Piedrafita P\u00e9rez, dirigido por los profesores Francisco Javier Mag\u00e9n Pardo y Cristina Cabello Matud, ha conseguido el Premio C\u00e1tedra Brial-En\u00e1tica de Energ\u00edas Renovables al mejor Trabajo Fin Fin de Grado de la Universidad de Zaragoza del curso acad\u00e9mico 2014-15.<\/p>\n<p>+info: <a href=\"http:\/\/blog.magenarquitectos.com\/2016\/01\/28\/universidad-de-zaragoza-trabajo-fin-de-grado-javier-piedrafita-perez-integracion-de-las-energias-renovables-en-la-arquitectura-la-piel-fotovoltaica\/\">TFG_Javier_Piedrafita<\/a><\/p>\n","protected":false},"excerpt":{"rendered":"<p>El Trabajo Fin de Grado &#8220;Integraci\u00f3n de las energ\u00edas renovables en la Arquitectura. La piel fotovoltaica&#8221; de Javier Piedrafita P\u00e9rez, dirigido por los profesores Francisco Javier Mag\u00e9n Pardo y Cristina Cabello Matud, ha conseguido el Premio C\u00e1tedra Brial-En\u00e1tica de Energ\u00edas Renovables al mejor Trabajo Fin Fin de Grado de la Universidad de Zaragoza del curso [&hellip;]<\/p>\n","protected":false},"author":1,"featured_media":0,"comment_status":"open","ping_status":"open","sticky":false,"template":"","format":"standard","meta":{"_monsterinsights_skip_tracking":false,"_monsterinsights_sitenote_active":false,"_monsterinsights_sitenote_note":"","_monsterinsights_sitenote_category":0},"categories":[164,130,131,165],"tags":[115,82,83,74],"_links":{"self":[{"href":"https:\/\/magenarquitectos.com\/en\/wp-json\/wp\/v2\/posts\/9274"}],"collection":[{"href":"https:\/\/magenarquitectos.com\/en\/wp-json\/wp\/v2\/posts"}],"about":[{"href":"https:\/\/magenarquitectos.com\/en\/wp-json\/wp\/v2\/types\/post"}],"author":[{"embeddable":true,"href":"https:\/\/magenarquitectos.com\/en\/wp-json\/wp\/v2\/users\/1"}],"replies":[{"embeddable":true,"href":"https:\/\/magenarquitectos.com\/en\/wp-json\/wp\/v2\/comments?post=9274"}],"version-history":[{"count":1,"href":"https:\/\/magenarquitectos.com\/en\/wp-json\/wp\/v2\/posts\/9274\/revisions"}],"predecessor-version":[{"id":12647,"href":"https:\/\/magenarquitectos.com\/en\/wp-json\/wp\/v2\/posts\/9274\/revisions\/12647"}],"wp:attachment":[{"href":"https:\/\/magenarquitectos.com\/en\/wp-json\/wp\/v2\/media?parent=9274"}],"wp:term":[{"taxonomy":"category","embeddable":true,"href":"https:\/\/magenarquitectos.com\/en\/wp-json\/wp\/v2\/categories?post=9274"},{"taxonomy":"post_tag","embeddable":true,"href":"https:\/\/magenarquitectos.com\/en\/wp-json\/wp\/v2\/tags?post=9274"}],"curies":[{"name":"wp","href":"https:\/\/api.w.org\/{rel}","templated":true}]}}