{"id":9289,"date":"2016-07-18T11:29:34","date_gmt":"2016-07-18T09:29:34","guid":{"rendered":"http:\/\/blog.magenarquitectos.com\/?p=9289"},"modified":"2021-06-17T10:04:36","modified_gmt":"2021-06-17T10:04:36","slug":"la-ampliacion-del-ceip-rosales-del-canal-publicada-en-via-construccion","status":"publish","type":"post","link":"https:\/\/magenarquitectos.com\/en\/la-ampliacion-del-ceip-rosales-del-canal-publicada-en-via-construccion\/","title":{"rendered":"La Ampliaci\u00f3n del CEIP Rosales del Canal, publicada en V\u00eda Construcci\u00f3n"},"content":{"rendered":"<p>La Ampliaci\u00f3n del CEIP Rosales del Canal, publicado en la revista de arquitectura &#8220;V\u00eda Construcci\u00f3n&#8221;, n\u00ba 129.<\/p>\n<p>Spanish architectural publication &#8220;V\u00eda Construcci\u00f3n&#8221; features the Extension of the School Complex Rosales del Canal in its 129 issue.<\/p>\n<p><img loading=\"lazy\" class=\"aligncenter size-full wp-image-9290\" src=\"https:\/\/magenarquitectos.com\/wp-content\/uploads\/2021\/06\/31.jpg\" alt=\"MAgen Arquitectos Zaragoza\" width=\"591\" height=\"839\" title=\"\"><\/p>\n<p>+info: <a href=\"http:\/\/magenarquitectos.com\/c-e-i-p-rosales-del-canal\/\">CEIP Rosales del Canal<\/a>, <a href=\"http:\/\/english.magenarquitectos.com\/school-complex-rosales-del-canal\/\">School complex Rosales del Canal<\/a><\/p>\n","protected":false},"excerpt":{"rendered":"<p>La Ampliaci\u00f3n del CEIP Rosales del Canal, publicado en la revista de arquitectura &#8220;V\u00eda Construcci\u00f3n&#8221;, n\u00ba 129. Spanish architectural publication &#8220;V\u00eda Construcci\u00f3n&#8221; features the Extension of the School Complex Rosales del Canal in its 129 issue. +info: CEIP Rosales del Canal, School complex Rosales del Canal<\/p>\n","protected":false},"author":1,"featured_media":0,"comment_status":"open","ping_status":"open","sticky":false,"template":"","format":"standard","meta":{"_monsterinsights_skip_tracking":false,"_monsterinsights_sitenote_active":false,"_monsterinsights_sitenote_note":"","_monsterinsights_sitenote_category":0},"categories":[65,139,90,194],"tags":[115,134,80,140,141,142,176,74],"_links":{"self":[{"href":"https:\/\/magenarquitectos.com\/en\/wp-json\/wp\/v2\/posts\/9289"}],"collection":[{"href":"https:\/\/magenarquitectos.com\/en\/wp-json\/wp\/v2\/posts"}],"about":[{"href":"https:\/\/magenarquitectos.com\/en\/wp-json\/wp\/v2\/types\/post"}],"author":[{"embeddable":true,"href":"https:\/\/magenarquitectos.com\/en\/wp-json\/wp\/v2\/users\/1"}],"replies":[{"embeddable":true,"href":"https:\/\/magenarquitectos.com\/en\/wp-json\/wp\/v2\/comments?post=9289"}],"version-history":[{"count":1,"href":"https:\/\/magenarquitectos.com\/en\/wp-json\/wp\/v2\/posts\/9289\/revisions"}],"predecessor-version":[{"id":12620,"href":"https:\/\/magenarquitectos.com\/en\/wp-json\/wp\/v2\/posts\/9289\/revisions\/12620"}],"wp:attachment":[{"href":"https:\/\/magenarquitectos.com\/en\/wp-json\/wp\/v2\/media?parent=9289"}],"wp:term":[{"taxonomy":"category","embeddable":true,"href":"https:\/\/magenarquitectos.com\/en\/wp-json\/wp\/v2\/categories?post=9289"},{"taxonomy":"post_tag","embeddable":true,"href":"https:\/\/magenarquitectos.com\/en\/wp-json\/wp\/v2\/tags?post=9289"}],"curies":[{"name":"wp","href":"https:\/\/api.w.org\/{rel}","templated":true}]}}