{"id":9293,"date":"2016-07-07T10:43:20","date_gmt":"2016-07-07T08:43:20","guid":{"rendered":"http:\/\/blog.magenarquitectos.com\/?p=9293"},"modified":"2021-06-17T10:04:37","modified_gmt":"2021-06-17T10:04:37","slug":"tres-obras-de-magen-arquitectos-seleccionadas-en-el-v-programa-arquiaproxima","status":"publish","type":"post","link":"https:\/\/magenarquitectos.com\/en\/tres-obras-de-magen-arquitectos-seleccionadas-en-el-v-programa-arquiaproxima\/","title":{"rendered":"Tres obras de Mag\u00e9n Arquitectos, seleccionadas en el V Programa Arqu\u00eda\/Pr\u00f3xima"},"content":{"rendered":"<p>Tres obras de Mag\u00e9n Arquitectos, el Centro de Educaci\u00f3n Infantil Valdespartera, el Centro de Educaci\u00f3n Infantil Parque Goya, ambos en Zaragoza, y la Sede de la Comarca del Bajo Mart\u00edn en H\u00edjar (Teruel), han sido seleccionados entre los 128 Proyectos Seleccionados en el V Programa Arqu\u00eda\/Pr\u00f3xima: Futuro Imperfecto.<\/p>\n<p>Three works by Magen Arquitectos, Kindergarten Valdespartera, Kindergarten Parque Goya, both in Zaragoza, and Bajo Martin County Seat in Hijar (Teruel), have been selected among 128 Projects in the V Programme Arquia\/Proxima: Imperfect Future .<\/p>\n<p><img loading=\"lazy\" class=\"aligncenter size-full wp-image-9315\" src=\"https:\/\/magenarquitectos.com\/wp-content\/uploads\/2021\/06\/ArquiaProxima_bn.jpg\" alt=\"Magen Arquitectos Zaragoza\" width=\"886\" height=\"289\" title=\"\"><\/p>\n<p>+info: <a href=\"http:\/\/magenarquitectos.com\/centro-de-educacion-infantil-en-la-ecociudad-valdespartera\/\">CEI Valdespartera<\/a>, <a href=\"http:\/\/english.magenarquitectos.com\/kindergarten-valdespartera\/\">Kindergarten Valdespartera<\/a><\/p>\n<p>+info: <a href=\"http:\/\/magenarquitectos.com\/c-e-i-p-parque-goya\/\">CEIP Parque Goya<\/a>, <a href=\"http:\/\/english.magenarquitectos.com\/school-complex-parque-goya\/\">School complex Parque Goya<\/a><\/p>\n<p>+info: <a href=\"http:\/\/magenarquitectos.com\/sede-de-la-comarca-del-bajo-martin-hijar-teruel\/\">Sede de la Comarca del Bajo Mart\u00edn<\/a>, <a href=\"http:\/\/english.magenarquitectos.com\/bajo-martin-county-seat-hijar-teruel\/\">Bajo Martin County Seat<\/a><\/p>\n","protected":false},"excerpt":{"rendered":"<p>Tres obras de Mag\u00e9n Arquitectos, el Centro de Educaci\u00f3n Infantil Valdespartera, el Centro de Educaci\u00f3n Infantil Parque Goya, ambos en Zaragoza, y la Sede de la Comarca del Bajo Mart\u00edn en H\u00edjar (Teruel), han sido seleccionados entre los 128 Proyectos Seleccionados en el V Programa Arqu\u00eda\/Pr\u00f3xima: Futuro Imperfecto. Three works by Magen Arquitectos, Kindergarten Valdespartera, [&hellip;]<\/p>\n","protected":false},"author":1,"featured_media":0,"comment_status":"open","ping_status":"open","sticky":false,"template":"","format":"standard","meta":{"_monsterinsights_skip_tracking":false,"_monsterinsights_sitenote_active":false,"_monsterinsights_sitenote_note":"","_monsterinsights_sitenote_category":0},"categories":[195,77,65,66,139,113,90,194],"tags":[100,101,102,103,134,80,140,141,142,74],"_links":{"self":[{"href":"https:\/\/magenarquitectos.com\/en\/wp-json\/wp\/v2\/posts\/9293"}],"collection":[{"href":"https:\/\/magenarquitectos.com\/en\/wp-json\/wp\/v2\/posts"}],"about":[{"href":"https:\/\/magenarquitectos.com\/en\/wp-json\/wp\/v2\/types\/post"}],"author":[{"embeddable":true,"href":"https:\/\/magenarquitectos.com\/en\/wp-json\/wp\/v2\/users\/1"}],"replies":[{"embeddable":true,"href":"https:\/\/magenarquitectos.com\/en\/wp-json\/wp\/v2\/comments?post=9293"}],"version-history":[{"count":1,"href":"https:\/\/magenarquitectos.com\/en\/wp-json\/wp\/v2\/posts\/9293\/revisions"}],"predecessor-version":[{"id":12626,"href":"https:\/\/magenarquitectos.com\/en\/wp-json\/wp\/v2\/posts\/9293\/revisions\/12626"}],"wp:attachment":[{"href":"https:\/\/magenarquitectos.com\/en\/wp-json\/wp\/v2\/media?parent=9293"}],"wp:term":[{"taxonomy":"category","embeddable":true,"href":"https:\/\/magenarquitectos.com\/en\/wp-json\/wp\/v2\/categories?post=9293"},{"taxonomy":"post_tag","embeddable":true,"href":"https:\/\/magenarquitectos.com\/en\/wp-json\/wp\/v2\/tags?post=9293"}],"curies":[{"name":"wp","href":"https:\/\/api.w.org\/{rel}","templated":true}]}}