{"id":9300,"date":"2016-06-09T18:45:41","date_gmt":"2016-06-09T16:45:41","guid":{"rendered":"http:\/\/blog.magenarquitectos.com\/?p=9300"},"modified":"2021-06-17T10:04:38","modified_gmt":"2021-06-17T10:04:38","slug":"reportaje-en-el-programa-la-mirilla-de-aragon-television","status":"publish","type":"post","link":"https:\/\/magenarquitectos.com\/en\/reportaje-en-el-programa-la-mirilla-de-aragon-television\/","title":{"rendered":"Programa La Mirilla de Arag\u00f3n Televisi\u00f3n. Cap. 11 (08\/06\/2016)"},"content":{"rendered":"<p>El programa La Mirilla de Arag\u00f3n Televisi\u00f3n ha visitado la Vivienda en Torre del Pinar, uno de los proyectos recientes de Mag\u00e9n Arquitectos.<\/p>\n<p><a href=\"http:\/\/alacarta.aragontelevision.es\/programas\/la-mirilla\/cap-11-08062016-2223\" rel=\"nofollow noopener\" target=\"_blank\"><img loading=\"lazy\" class=\"aligncenter wp-image-9301 size-full\" src=\"https:\/\/magenarquitectos.com\/wp-content\/uploads\/2021\/06\/lamirilla-aragontv.jpg\" alt=\"magen arquitectos\" width=\"1281\" height=\"795\" title=\"\"><\/a><\/p>\n<p>&nbsp;<\/p>\n<p>&nbsp;<\/p>\n","protected":false},"excerpt":{"rendered":"<p>El programa La Mirilla de Arag\u00f3n Televisi\u00f3n ha visitado la Vivienda en Torre del Pinar, uno de los proyectos recientes de Mag\u00e9n Arquitectos. &nbsp; &nbsp;<\/p>\n","protected":false},"author":1,"featured_media":0,"comment_status":"open","ping_status":"open","sticky":false,"template":"","format":"standard","meta":{"_monsterinsights_skip_tracking":false,"_monsterinsights_sitenote_active":false,"_monsterinsights_sitenote_note":"","_monsterinsights_sitenote_category":0},"categories":[86,195,212,213,78,146,95,117],"tags":[115,96,74],"_links":{"self":[{"href":"https:\/\/magenarquitectos.com\/en\/wp-json\/wp\/v2\/posts\/9300"}],"collection":[{"href":"https:\/\/magenarquitectos.com\/en\/wp-json\/wp\/v2\/posts"}],"about":[{"href":"https:\/\/magenarquitectos.com\/en\/wp-json\/wp\/v2\/types\/post"}],"author":[{"embeddable":true,"href":"https:\/\/magenarquitectos.com\/en\/wp-json\/wp\/v2\/users\/1"}],"replies":[{"embeddable":true,"href":"https:\/\/magenarquitectos.com\/en\/wp-json\/wp\/v2\/comments?post=9300"}],"version-history":[{"count":1,"href":"https:\/\/magenarquitectos.com\/en\/wp-json\/wp\/v2\/posts\/9300\/revisions"}],"predecessor-version":[{"id":12635,"href":"https:\/\/magenarquitectos.com\/en\/wp-json\/wp\/v2\/posts\/9300\/revisions\/12635"}],"wp:attachment":[{"href":"https:\/\/magenarquitectos.com\/en\/wp-json\/wp\/v2\/media?parent=9300"}],"wp:term":[{"taxonomy":"category","embeddable":true,"href":"https:\/\/magenarquitectos.com\/en\/wp-json\/wp\/v2\/categories?post=9300"},{"taxonomy":"post_tag","embeddable":true,"href":"https:\/\/magenarquitectos.com\/en\/wp-json\/wp\/v2\/tags?post=9300"}],"curies":[{"name":"wp","href":"https:\/\/api.w.org\/{rel}","templated":true}]}}