{"id":9317,"date":"2016-07-11T22:23:19","date_gmt":"2016-07-11T20:23:19","guid":{"rendered":"http:\/\/blog.magenarquitectos.com\/?p=9317"},"modified":"2021-06-17T10:04:37","modified_gmt":"2021-06-17T10:04:37","slug":"video-del-iii-congreso-pioneros-de-la-arquitectura-moderna-organizado-por-la-fundacion-alejandro-de-la-sota","status":"publish","type":"post","link":"https:\/\/magenarquitectos.com\/en\/video-del-iii-congreso-pioneros-de-la-arquitectura-moderna-organizado-por-la-fundacion-alejandro-de-la-sota\/","title":{"rendered":"V\u00eddeo del III Congreso Pioneros de la Arquitectura Moderna. Fundaci\u00f3n Alejandro de la Sota"},"content":{"rendered":"<p><a href=\"https:\/\/www.youtube.com\/watch?v=awPK4QWP1c0\" rel=\"nofollow noopener\" target=\"_blank\"><img loading=\"lazy\" class=\"aligncenter size-full wp-image-9320\" src=\"https:\/\/magenarquitectos.com\/wp-content\/uploads\/2021\/06\/sota2.jpg\" alt=\"arquitectos zaragoza\" width=\"425\" height=\"297\" title=\"\"><\/a><\/p>\n<p>Jaime Mag\u00e9n particip\u00f3 con una ponencia sobre la Iglesia Parroquial de Canfranc, de Miguel Fisac, en el III Congreso Pioneros de la Arquitectura Moderna: an\u00e1lisis cr\u00edtico de una obra, organizado por la Fundaci\u00f3n Alejandro de la Sota con la colaboraci\u00f3n del Ministerio de Fomento, que tuvo lugar en la Sala de las\u00a0Arquer\u00edas de Nuevos Ministerios, en Madrid.<\/p>\n","protected":false},"excerpt":{"rendered":"<p>Jaime Mag\u00e9n particip\u00f3 con una ponencia sobre la Iglesia Parroquial de Canfranc, de Miguel Fisac, en el III Congreso Pioneros de la Arquitectura Moderna: an\u00e1lisis cr\u00edtico de una obra, organizado por la Fundaci\u00f3n Alejandro de la Sota con la colaboraci\u00f3n del Ministerio de Fomento, que tuvo lugar en la Sala de las\u00a0Arquer\u00edas de Nuevos Ministerios, [&hellip;]<\/p>\n","protected":false},"author":1,"featured_media":0,"comment_status":"open","ping_status":"open","sticky":false,"template":"","format":"standard","meta":{"_monsterinsights_skip_tracking":false,"_monsterinsights_sitenote_active":false,"_monsterinsights_sitenote_note":"","_monsterinsights_sitenote_category":0},"categories":[164,130,217,131,165],"tags":[115,74],"_links":{"self":[{"href":"https:\/\/magenarquitectos.com\/en\/wp-json\/wp\/v2\/posts\/9317"}],"collection":[{"href":"https:\/\/magenarquitectos.com\/en\/wp-json\/wp\/v2\/posts"}],"about":[{"href":"https:\/\/magenarquitectos.com\/en\/wp-json\/wp\/v2\/types\/post"}],"author":[{"embeddable":true,"href":"https:\/\/magenarquitectos.com\/en\/wp-json\/wp\/v2\/users\/1"}],"replies":[{"embeddable":true,"href":"https:\/\/magenarquitectos.com\/en\/wp-json\/wp\/v2\/comments?post=9317"}],"version-history":[{"count":1,"href":"https:\/\/magenarquitectos.com\/en\/wp-json\/wp\/v2\/posts\/9317\/revisions"}],"predecessor-version":[{"id":12623,"href":"https:\/\/magenarquitectos.com\/en\/wp-json\/wp\/v2\/posts\/9317\/revisions\/12623"}],"wp:attachment":[{"href":"https:\/\/magenarquitectos.com\/en\/wp-json\/wp\/v2\/media?parent=9317"}],"wp:term":[{"taxonomy":"category","embeddable":true,"href":"https:\/\/magenarquitectos.com\/en\/wp-json\/wp\/v2\/categories?post=9317"},{"taxonomy":"post_tag","embeddable":true,"href":"https:\/\/magenarquitectos.com\/en\/wp-json\/wp\/v2\/tags?post=9317"}],"curies":[{"name":"wp","href":"https:\/\/api.w.org\/{rel}","templated":true}]}}