{"id":9328,"date":"2016-09-20T10:00:39","date_gmt":"2016-09-20T08:00:39","guid":{"rendered":"http:\/\/blog.magenarquitectos.com\/?p=9328"},"modified":"2021-06-17T10:04:35","modified_gmt":"2021-06-17T10:04:35","slug":"universidad-de-zaragoza-trabajo-fin-de-master-marcos-crespo-ibanezampliacion-de-centro-deportivo-en-balsas-de-ebro-viejo-zaragoza","status":"publish","type":"post","link":"https:\/\/magenarquitectos.com\/en\/universidad-de-zaragoza-trabajo-fin-de-master-marcos-crespo-ibanezampliacion-de-centro-deportivo-en-balsas-de-ebro-viejo-zaragoza\/","title":{"rendered":"Universidad de Zaragoza. Trabajo Fin de M\u00e1ster. Marcos Crespo Ib\u00e1\u00f1ez:&#8221;Ampliaci\u00f3n de Centro Deportivo en Balsas de Ebro Viejo (Zaragoza)&#8221;"},"content":{"rendered":"<p><img loading=\"lazy\" class=\"aligncenter size-full wp-image-9329\" src=\"https:\/\/magenarquitectos.com\/wp-content\/uploads\/2021\/06\/R01_GRADERIO-TRASERO.jpg\" alt=\"R01_GRADER\u00cdO TRASERO\" width=\"1200\" height=\"831\" title=\"\"><\/p>\n<p>&#8220;El punto de partida de la ampliaci\u00f3n del centro, responde asimismo a una t\u00e1ctica de compactaci\u00f3n program\u00e1tica literal en forma de dos grandes pastillas ligeras y transparentes que quedan apoyadas sobre una base robusta y pesada que emerge del propio. Ambas piezas se articulan entre s\u00ed a trav\u00e9s de una sucesi\u00f3n de patios que perforan longitudinalmente la totalidad del proyecto.<br \/>\nAs\u00ed, el programa deportivo dedicado a las pistas de p\u00e1del y tenis, con un car\u00e1cter mucho m\u00e1s abierto y ligero queda contenido en dos armazones estructurales de acero separados entre s\u00ed por un patio y envueltos por una ligera fachada textil que les otorga un car\u00e1cter mucho m\u00e1s vol\u00e1til, mientras que la piscina, que se desarrolla longitudinalmente bajo uno de \u00e9stos vol\u00famenes, queda relegada a ese mundo subterr\u00e1neo de hormig\u00f3n armado que emerge del suelo con un car\u00e1cter mucho m\u00e1s introvertido y protegido. A pesar de que la piscina de invierno se encuentra en una cota inferior a la rasante, queda conectada a trav\u00e9s de un potente desnivel ajardinado que conecta el mundo interior\/inferior con el exterior\/superior.&#8221; Escuela de Arquitectura de la Universidad de Zaragoza. Trabajo Fin de M\u00e1ster de Marcos Crespo Ib\u00e1\u00f1ez (Director: Jaime Mag\u00e9n Pardo)<\/p>\n","protected":false},"excerpt":{"rendered":"<p>&#8220;El punto de partida de la ampliaci\u00f3n del centro, responde asimismo a una t\u00e1ctica de compactaci\u00f3n program\u00e1tica literal en forma de dos grandes pastillas ligeras y transparentes que quedan apoyadas sobre una base robusta y pesada que emerge del propio. Ambas piezas se articulan entre s\u00ed a trav\u00e9s de una sucesi\u00f3n de patios que perforan [&hellip;]<\/p>\n","protected":false},"author":1,"featured_media":0,"comment_status":"open","ping_status":"open","sticky":false,"template":"","format":"standard","meta":{"_monsterinsights_skip_tracking":false,"_monsterinsights_sitenote_active":false,"_monsterinsights_sitenote_note":"","_monsterinsights_sitenote_category":0},"categories":[164,165],"tags":[115,64,74],"_links":{"self":[{"href":"https:\/\/magenarquitectos.com\/en\/wp-json\/wp\/v2\/posts\/9328"}],"collection":[{"href":"https:\/\/magenarquitectos.com\/en\/wp-json\/wp\/v2\/posts"}],"about":[{"href":"https:\/\/magenarquitectos.com\/en\/wp-json\/wp\/v2\/types\/post"}],"author":[{"embeddable":true,"href":"https:\/\/magenarquitectos.com\/en\/wp-json\/wp\/v2\/users\/1"}],"replies":[{"embeddable":true,"href":"https:\/\/magenarquitectos.com\/en\/wp-json\/wp\/v2\/comments?post=9328"}],"version-history":[{"count":1,"href":"https:\/\/magenarquitectos.com\/en\/wp-json\/wp\/v2\/posts\/9328\/revisions"}],"predecessor-version":[{"id":12611,"href":"https:\/\/magenarquitectos.com\/en\/wp-json\/wp\/v2\/posts\/9328\/revisions\/12611"}],"wp:attachment":[{"href":"https:\/\/magenarquitectos.com\/en\/wp-json\/wp\/v2\/media?parent=9328"}],"wp:term":[{"taxonomy":"category","embeddable":true,"href":"https:\/\/magenarquitectos.com\/en\/wp-json\/wp\/v2\/categories?post=9328"},{"taxonomy":"post_tag","embeddable":true,"href":"https:\/\/magenarquitectos.com\/en\/wp-json\/wp\/v2\/tags?post=9328"}],"curies":[{"name":"wp","href":"https:\/\/api.w.org\/{rel}","templated":true}]}}