{"id":9336,"date":"2016-08-16T08:44:51","date_gmt":"2016-08-16T06:44:51","guid":{"rendered":"http:\/\/blog.magenarquitectos.com\/?p=9336"},"modified":"2021-06-17T10:04:36","modified_gmt":"2021-06-17T10:04:36","slug":"magen-arquitectos-obtiene-la-mayor-puntuacion-tecnica-en-el-concurso-para-el-auditorio-de-illueca","status":"publish","type":"post","link":"https:\/\/magenarquitectos.com\/en\/magen-arquitectos-obtiene-la-mayor-puntuacion-tecnica-en-el-concurso-para-el-auditorio-de-illueca\/","title":{"rendered":"Mag\u00e9n Arquitectos obtiene la mayor puntuaci\u00f3n t\u00e9cnica en el Concurso para el Auditorio de Illueca"},"content":{"rendered":"<p>La propuesta presentada por Mag\u00e9n Arquitectos al Concurso para el Auditorio Municipal de Illueca ha obtenido la puntuaci\u00f3n global m\u00e1s alta\u00a0en el apartado de\u00a0valoraci\u00f3n t\u00e9cnica.<\/p>\n<p>La adjudicaci\u00f3n definitiva est\u00e1 pendiente de la resoluci\u00f3n de lo dispuesto en el art\u00edculo 136 de la LCSP. al haber incurrido en baja temeraria\u00a0la oferta econ\u00f3mica presentada por uno de los\u00a0licitadores.<\/p>\n<p><img loading=\"lazy\" class=\"aligncenter size-full wp-image-9337\" src=\"https:\/\/magenarquitectos.com\/wp-content\/uploads\/2021\/06\/illuecabn.jpg\" alt=\"arquitecto zaragoza\" width=\"683\" height=\"352\" title=\"\"><\/p>\n","protected":false},"excerpt":{"rendered":"<p>La propuesta presentada por Mag\u00e9n Arquitectos al Concurso para el Auditorio Municipal de Illueca ha obtenido la puntuaci\u00f3n global m\u00e1s alta\u00a0en el apartado de\u00a0valoraci\u00f3n t\u00e9cnica. La adjudicaci\u00f3n definitiva est\u00e1 pendiente de la resoluci\u00f3n de lo dispuesto en el art\u00edculo 136 de la LCSP. al haber incurrido en baja temeraria\u00a0la oferta econ\u00f3mica presentada por uno de [&hellip;]<\/p>\n","protected":false},"author":1,"featured_media":0,"comment_status":"open","ping_status":"open","sticky":false,"template":"","format":"standard","meta":{"_monsterinsights_skip_tracking":false,"_monsterinsights_sitenote_active":false,"_monsterinsights_sitenote_note":"","_monsterinsights_sitenote_category":0},"categories":[75,65,66],"tags":[115,106,74],"_links":{"self":[{"href":"https:\/\/magenarquitectos.com\/en\/wp-json\/wp\/v2\/posts\/9336"}],"collection":[{"href":"https:\/\/magenarquitectos.com\/en\/wp-json\/wp\/v2\/posts"}],"about":[{"href":"https:\/\/magenarquitectos.com\/en\/wp-json\/wp\/v2\/types\/post"}],"author":[{"embeddable":true,"href":"https:\/\/magenarquitectos.com\/en\/wp-json\/wp\/v2\/users\/1"}],"replies":[{"embeddable":true,"href":"https:\/\/magenarquitectos.com\/en\/wp-json\/wp\/v2\/comments?post=9336"}],"version-history":[{"count":1,"href":"https:\/\/magenarquitectos.com\/en\/wp-json\/wp\/v2\/posts\/9336\/revisions"}],"predecessor-version":[{"id":12617,"href":"https:\/\/magenarquitectos.com\/en\/wp-json\/wp\/v2\/posts\/9336\/revisions\/12617"}],"wp:attachment":[{"href":"https:\/\/magenarquitectos.com\/en\/wp-json\/wp\/v2\/media?parent=9336"}],"wp:term":[{"taxonomy":"category","embeddable":true,"href":"https:\/\/magenarquitectos.com\/en\/wp-json\/wp\/v2\/categories?post=9336"},{"taxonomy":"post_tag","embeddable":true,"href":"https:\/\/magenarquitectos.com\/en\/wp-json\/wp\/v2\/tags?post=9336"}],"curies":[{"name":"wp","href":"https:\/\/api.w.org\/{rel}","templated":true}]}}