{"id":9342,"date":"2016-10-20T10:00:19","date_gmt":"2016-10-20T08:00:19","guid":{"rendered":"http:\/\/blog.magenarquitectos.com\/?p=9342"},"modified":"2021-06-17T10:32:47","modified_gmt":"2021-06-17T10:32:47","slug":"universidad-de-zaragoza-trabajo-fin-de-grado-yolanda-gallego-bertolin-adaptacion-al-cte-y-reactivacion-de-la-audienca-provincial-de-huesca","status":"publish","type":"post","link":"https:\/\/magenarquitectos.com\/en\/universidad-de-zaragoza-trabajo-fin-de-grado-yolanda-gallego-bertolin-adaptacion-al-cte-y-reactivacion-de-la-audienca-provincial-de-huesca\/","title":{"rendered":"Universidad de Zaragoza. Trabajo Fin de Grado. Yolanda G\u00e1llego Bertol\u00edn: &#8220;Adaptaci\u00f3n al CTE y reactivaci\u00f3n de la Audiencia Provincial de Huesca&#8221;"},"content":{"rendered":"<p><img loading=\"lazy\" class=\"aligncenter size-full wp-image-9345\" src=\"https:\/\/magenarquitectos.com\/wp-content\/uploads\/2021\/06\/GALLEGO_BERTOLIN_YOLANDA_TFG082.jpg\" alt=\"GALLEGO_BERTOLIN_YOLANDA_TFG082\" width=\"1684\" height=\"1232\" title=\"\"><\/p>\n<p>&#8220;El objetivo es llevar a cabo el estudio de un equipamiento administrativo de la ciudad de Huesca. El edificio a estudiar desempe\u00f1\u00f3 las funciones de Palacio de Justicia y Audiencia Provincial. Actualmente se encuentra en desuso funcional, ya que se ha construido un nuevo Palacio de Justicia que agrupa todo los usos. Se pretende adaptarlo al c\u00f3digo t\u00e9cnico de la edificaci\u00f3n y posteriormente, buscar una posible nueva funci\u00f3n para el edificio.De esta manera la idea es conservar el edificio, d\u00e1ndole continuidad a su vida con una funci\u00f3n diferente a la funci\u00f3n para la que fue creado. Poder reciclar los edificios, dentro de la trama consolidada de la ciudad, da la oportunidad de, sin alterar el tejido urbano, crear nuevas aportaciones para el entorno.&#8221; Escuela de Arquitectura de la Universidad de Zaragoza. Trabajo Fin de Grado de Yolanda G\u00e1llego Bertol\u00edn (Director: Francisco Javier Mag\u00e9n Pardo)<\/p>\n","protected":false},"excerpt":{"rendered":"<p>&#8220;El objetivo es llevar a cabo el estudio de un equipamiento administrativo de la ciudad de Huesca. El edificio a estudiar desempe\u00f1\u00f3 las funciones de Palacio de Justicia y Audiencia Provincial. Actualmente se encuentra en desuso funcional, ya que se ha construido un nuevo Palacio de Justicia que agrupa todo los usos. Se pretende adaptarlo [&hellip;]<\/p>\n","protected":false},"author":1,"featured_media":0,"comment_status":"open","ping_status":"open","sticky":false,"template":"","format":"standard","meta":{"_monsterinsights_skip_tracking":false,"_monsterinsights_sitenote_active":false,"_monsterinsights_sitenote_note":"","_monsterinsights_sitenote_category":0},"categories":[164,130,131,165],"tags":[100,115,85,93,94,74],"_links":{"self":[{"href":"https:\/\/magenarquitectos.com\/en\/wp-json\/wp\/v2\/posts\/9342"}],"collection":[{"href":"https:\/\/magenarquitectos.com\/en\/wp-json\/wp\/v2\/posts"}],"about":[{"href":"https:\/\/magenarquitectos.com\/en\/wp-json\/wp\/v2\/types\/post"}],"author":[{"embeddable":true,"href":"https:\/\/magenarquitectos.com\/en\/wp-json\/wp\/v2\/users\/1"}],"replies":[{"embeddable":true,"href":"https:\/\/magenarquitectos.com\/en\/wp-json\/wp\/v2\/comments?post=9342"}],"version-history":[{"count":1,"href":"https:\/\/magenarquitectos.com\/en\/wp-json\/wp\/v2\/posts\/9342\/revisions"}],"predecessor-version":[{"id":12596,"href":"https:\/\/magenarquitectos.com\/en\/wp-json\/wp\/v2\/posts\/9342\/revisions\/12596"}],"wp:attachment":[{"href":"https:\/\/magenarquitectos.com\/en\/wp-json\/wp\/v2\/media?parent=9342"}],"wp:term":[{"taxonomy":"category","embeddable":true,"href":"https:\/\/magenarquitectos.com\/en\/wp-json\/wp\/v2\/categories?post=9342"},{"taxonomy":"post_tag","embeddable":true,"href":"https:\/\/magenarquitectos.com\/en\/wp-json\/wp\/v2\/tags?post=9342"}],"curies":[{"name":"wp","href":"https:\/\/api.w.org\/{rel}","templated":true}]}}