{"id":9343,"date":"2016-11-22T12:18:53","date_gmt":"2016-11-22T11:18:53","guid":{"rendered":"http:\/\/blog.magenarquitectos.com\/?p=9343"},"modified":"2021-06-17T10:32:47","modified_gmt":"2021-06-17T10:32:47","slug":"universidad-de-zaragoza-trabajo-fin-de-grado-daniel-lozano-mateo-revision-y-propuesta-de-renovacion-de-equipamientos-sanitarios","status":"publish","type":"post","link":"https:\/\/magenarquitectos.com\/en\/universidad-de-zaragoza-trabajo-fin-de-grado-daniel-lozano-mateo-revision-y-propuesta-de-renovacion-de-equipamientos-sanitarios\/","title":{"rendered":"Universidad de Zaragoza. Trabajo Fin de Grado. Daniel Lozano Mateo: &#8220;Revisi\u00f3n y propuesta de renovaci\u00f3n de equipamientos sanitarios&#8221;"},"content":{"rendered":"<p><img loading=\"lazy\" class=\"aligncenter wp-image-9349\" src=\"https:\/\/magenarquitectos.com\/wp-content\/uploads\/2021\/06\/LOZANO_MATEO_DANIEL_649680_TFG_J046-1.jpg\" alt=\"Daniel Lozano Mateo\" width=\"700\" height=\"469\" title=\"\"><\/p>\n<p>&#8220;Durante estos \u00faltimos a\u00f1os, las rehabilitaciones de edificios han ganado terreno a la edificaci\u00f3n de nueva planta. En este \u00e1mbito de rehabilitaci\u00f3n y reforma, se sit\u00faa el presente trabajo. En nuestro caso particular, se estudiar\u00e1 el Centro de Especialidades Ram\u00f3n y Cajal, obra del arquitecto aragon\u00e9s Fernando Garc\u00eda Mercadal en la ciudad de Zaragoza. Se explorar\u00e1n las posibilidades del centro a asumir una renovaci\u00f3n y se estudiar\u00e1 qu\u00e9 medidas se deber\u00edan llevar a cabo. Adem\u00e1s, se trata de un edificio considerado como bien de inter\u00e9s arquitect\u00f3nico, lo que conlleva ciertas restricciones en cuanto a las soluciones que se pueden adoptar en \u00e9l para mejorar y adaptar el edificio a las necesidades actuales, por lo que se evaluar\u00e1 la dificultad de ejecuci\u00f3n de cada una de las soluciones propuestas y la viabilidad de ellas, cumpliendo a su vez con el C\u00f3digo T\u00e9cnico de la Edificaci\u00f3n.&#8221; Escuela de Arquitectura de la Universidad de Zaragoza. Trabajo Fin de Grado de Daniel Lozano Mateo (Director: Francisco Javier Mag\u00e9n Pardo)<\/p>\n","protected":false},"excerpt":{"rendered":"<p>&#8220;Durante estos \u00faltimos a\u00f1os, las rehabilitaciones de edificios han ganado terreno a la edificaci\u00f3n de nueva planta. En este \u00e1mbito de rehabilitaci\u00f3n y reforma, se sit\u00faa el presente trabajo. En nuestro caso particular, se estudiar\u00e1 el Centro de Especialidades Ram\u00f3n y Cajal, obra del arquitecto aragon\u00e9s Fernando Garc\u00eda Mercadal en la ciudad de Zaragoza. Se [&hellip;]<\/p>\n","protected":false},"author":1,"featured_media":0,"comment_status":"open","ping_status":"open","sticky":false,"template":"","format":"standard","meta":{"_monsterinsights_skip_tracking":false,"_monsterinsights_sitenote_active":false,"_monsterinsights_sitenote_note":"","_monsterinsights_sitenote_category":0},"categories":[164,130,131,165],"tags":[115,93,94,74],"_links":{"self":[{"href":"https:\/\/magenarquitectos.com\/en\/wp-json\/wp\/v2\/posts\/9343"}],"collection":[{"href":"https:\/\/magenarquitectos.com\/en\/wp-json\/wp\/v2\/posts"}],"about":[{"href":"https:\/\/magenarquitectos.com\/en\/wp-json\/wp\/v2\/types\/post"}],"author":[{"embeddable":true,"href":"https:\/\/magenarquitectos.com\/en\/wp-json\/wp\/v2\/users\/1"}],"replies":[{"embeddable":true,"href":"https:\/\/magenarquitectos.com\/en\/wp-json\/wp\/v2\/comments?post=9343"}],"version-history":[{"count":1,"href":"https:\/\/magenarquitectos.com\/en\/wp-json\/wp\/v2\/posts\/9343\/revisions"}],"predecessor-version":[{"id":12581,"href":"https:\/\/magenarquitectos.com\/en\/wp-json\/wp\/v2\/posts\/9343\/revisions\/12581"}],"wp:attachment":[{"href":"https:\/\/magenarquitectos.com\/en\/wp-json\/wp\/v2\/media?parent=9343"}],"wp:term":[{"taxonomy":"category","embeddable":true,"href":"https:\/\/magenarquitectos.com\/en\/wp-json\/wp\/v2\/categories?post=9343"},{"taxonomy":"post_tag","embeddable":true,"href":"https:\/\/magenarquitectos.com\/en\/wp-json\/wp\/v2\/tags?post=9343"}],"curies":[{"name":"wp","href":"https:\/\/api.w.org\/{rel}","templated":true}]}}