{"id":9353,"date":"2017-04-03T12:03:17","date_gmt":"2017-04-03T10:03:17","guid":{"rendered":"http:\/\/blog.magenarquitectos.com\/?p=9353"},"modified":"2021-06-17T10:32:46","modified_gmt":"2021-06-17T10:32:46","slug":"centro-de-educacion-infantil-arcosur-zaragoza","status":"publish","type":"post","link":"https:\/\/magenarquitectos.com\/en\/centro-de-educacion-infantil-arcosur-zaragoza\/","title":{"rendered":"Centro de Educaci\u00f3n Infantil Arcosur. Zaragoza"},"content":{"rendered":"<p>Mag\u00e9n Arquitectos ha dise\u00f1ado el CEIP Arcosur en Zaragoza. El Centro de Educaci\u00f3n Infantil\u00a0contar\u00e1 con 9 aulas, aula de psicomotricidad\u00a0y comedor, adem\u00e1s de otros espacios y servicios anexos, y patios exteriores.<\/p>\n<p>Magen Arquitectos designs the new Arcosur school complex in Zaragoza to host 9 classrooms in the Kindergarten and Dining Hall,\u00a0complementary services and outdoor spaces.<\/p>\n<p><img loading=\"lazy\" class=\"aligncenter size-full wp-image-9459\" src=\"https:\/\/magenarquitectos.com\/wp-content\/uploads\/2021\/06\/IMG_0296-1.jpg\" alt=\"Magen Arquitectos Zaragoza\" width=\"1181\" height=\"939\" title=\"\"><\/p>\n","protected":false},"excerpt":{"rendered":"<p>Mag\u00e9n Arquitectos ha dise\u00f1ado el CEIP Arcosur en Zaragoza. El Centro de Educaci\u00f3n Infantil\u00a0contar\u00e1 con 9 aulas, aula de psicomotricidad\u00a0y comedor, adem\u00e1s de otros espacios y servicios anexos, y patios exteriores. Magen Arquitectos designs the new Arcosur school complex in Zaragoza to host 9 classrooms in the Kindergarten and Dining Hall,\u00a0complementary services and outdoor spaces.<\/p>\n","protected":false},"author":1,"featured_media":0,"comment_status":"open","ping_status":"open","sticky":false,"template":"","format":"standard","meta":{"_monsterinsights_skip_tracking":false,"_monsterinsights_sitenote_active":false,"_monsterinsights_sitenote_note":"","_monsterinsights_sitenote_category":0},"categories":[202,75,65,139],"tags":[115,134,80,140,141,176,74],"_links":{"self":[{"href":"https:\/\/magenarquitectos.com\/en\/wp-json\/wp\/v2\/posts\/9353"}],"collection":[{"href":"https:\/\/magenarquitectos.com\/en\/wp-json\/wp\/v2\/posts"}],"about":[{"href":"https:\/\/magenarquitectos.com\/en\/wp-json\/wp\/v2\/types\/post"}],"author":[{"embeddable":true,"href":"https:\/\/magenarquitectos.com\/en\/wp-json\/wp\/v2\/users\/1"}],"replies":[{"embeddable":true,"href":"https:\/\/magenarquitectos.com\/en\/wp-json\/wp\/v2\/comments?post=9353"}],"version-history":[{"count":1,"href":"https:\/\/magenarquitectos.com\/en\/wp-json\/wp\/v2\/posts\/9353\/revisions"}],"predecessor-version":[{"id":12548,"href":"https:\/\/magenarquitectos.com\/en\/wp-json\/wp\/v2\/posts\/9353\/revisions\/12548"}],"wp:attachment":[{"href":"https:\/\/magenarquitectos.com\/en\/wp-json\/wp\/v2\/media?parent=9353"}],"wp:term":[{"taxonomy":"category","embeddable":true,"href":"https:\/\/magenarquitectos.com\/en\/wp-json\/wp\/v2\/categories?post=9353"},{"taxonomy":"post_tag","embeddable":true,"href":"https:\/\/magenarquitectos.com\/en\/wp-json\/wp\/v2\/tags?post=9353"}],"curies":[{"name":"wp","href":"https:\/\/api.w.org\/{rel}","templated":true}]}}