{"id":9358,"date":"2016-11-08T10:46:10","date_gmt":"2016-11-08T09:46:10","guid":{"rendered":"http:\/\/blog.magenarquitectos.com\/?p=9358"},"modified":"2021-06-17T10:32:47","modified_gmt":"2021-06-17T10:32:47","slug":"universidad-de-zaragoza-trabajo-fin-de-grado-raquel-abad-villamor-edificios-de-vivienda-social-cero-emisiones-en-francia","status":"publish","type":"post","link":"https:\/\/magenarquitectos.com\/en\/universidad-de-zaragoza-trabajo-fin-de-grado-raquel-abad-villamor-edificios-de-vivienda-social-cero-emisiones-en-francia\/","title":{"rendered":"Universidad de Zaragoza. Trabajo Fin de Grado. Raquel Abad Villamor: &#8220;Edificios de vivienda social cero emisiones en Francia&#8221;"},"content":{"rendered":"<p><img loading=\"lazy\" class=\"aligncenter size-full wp-image-9362\" src=\"https:\/\/magenarquitectos.com\/wp-content\/uploads\/2021\/06\/ABAD_VILLAMOR_RAQUEL_647164_TFG.jpg\" alt=\"ABAD_VILLAMOR_RAQUEL_647164_TFG.pdf\" width=\"1680\" height=\"1303\" title=\"\"><\/p>\n<p>&#8220;La urgencia de la sostenibilidad es el fundamento que sostiene la intenci\u00f3n que persigue el trabajo, el cual desvincula la relaci\u00f3n entre sostenibilidad y alto coste, investigando la aplicaci\u00f3n de estrategias pasivas a arquitecturas que antes no se relacionaban con la sostenibilidad, como la vivienda social, para desmentir que este tipo de arquitectura no pueda relacionarse con ella por motivos de presupuesto. El proceso proyectual desarrollado en cada uno de los dos conjuntos residenciales\u00a0 pone de manifiesto que una arquitectura sostenible no puede alcanzarse \u00fanicamente introduciendo mecanismos de instalaciones, sino que debe incluir conceptos arquitect\u00f3nicos que permitan la reducci\u00f3n de la demanda energ\u00e9tica. Estos conceptos o estrategias que los arquitectos desarrollan para un entorno y clima concretos, permiten llegar a un dise\u00f1o pasivo, capaz de autorregular el microclima interior, reduciendo as\u00ed el gasto energ\u00e9tico y reduciendo tambi\u00e9n en n\u00famero los sistemas complementarios necesarios.&#8221; Escuela de Arquitectura de la Universidad de Zaragoza. Trabajo Fin de Grado de Raquel Abad Villamor (Director: Francisco Javier Mag\u00e9n Pardo)<\/p>\n","protected":false},"excerpt":{"rendered":"<p>&#8220;La urgencia de la sostenibilidad es el fundamento que sostiene la intenci\u00f3n que persigue el trabajo, el cual desvincula la relaci\u00f3n entre sostenibilidad y alto coste, investigando la aplicaci\u00f3n de estrategias pasivas a arquitecturas que antes no se relacionaban con la sostenibilidad, como la vivienda social, para desmentir que este tipo de arquitectura no pueda [&hellip;]<\/p>\n","protected":false},"author":1,"featured_media":0,"comment_status":"open","ping_status":"open","sticky":false,"template":"","format":"standard","meta":{"_monsterinsights_skip_tracking":false,"_monsterinsights_sitenote_active":false,"_monsterinsights_sitenote_note":"","_monsterinsights_sitenote_category":0},"categories":[164,130,131,165],"tags":[115,93,94,82,83,96,99,74],"_links":{"self":[{"href":"https:\/\/magenarquitectos.com\/en\/wp-json\/wp\/v2\/posts\/9358"}],"collection":[{"href":"https:\/\/magenarquitectos.com\/en\/wp-json\/wp\/v2\/posts"}],"about":[{"href":"https:\/\/magenarquitectos.com\/en\/wp-json\/wp\/v2\/types\/post"}],"author":[{"embeddable":true,"href":"https:\/\/magenarquitectos.com\/en\/wp-json\/wp\/v2\/users\/1"}],"replies":[{"embeddable":true,"href":"https:\/\/magenarquitectos.com\/en\/wp-json\/wp\/v2\/comments?post=9358"}],"version-history":[{"count":1,"href":"https:\/\/magenarquitectos.com\/en\/wp-json\/wp\/v2\/posts\/9358\/revisions"}],"predecessor-version":[{"id":12587,"href":"https:\/\/magenarquitectos.com\/en\/wp-json\/wp\/v2\/posts\/9358\/revisions\/12587"}],"wp:attachment":[{"href":"https:\/\/magenarquitectos.com\/en\/wp-json\/wp\/v2\/media?parent=9358"}],"wp:term":[{"taxonomy":"category","embeddable":true,"href":"https:\/\/magenarquitectos.com\/en\/wp-json\/wp\/v2\/categories?post=9358"},{"taxonomy":"post_tag","embeddable":true,"href":"https:\/\/magenarquitectos.com\/en\/wp-json\/wp\/v2\/tags?post=9358"}],"curies":[{"name":"wp","href":"https:\/\/api.w.org\/{rel}","templated":true}]}}