{"id":9359,"date":"2016-12-06T17:20:55","date_gmt":"2016-12-06T16:20:55","guid":{"rendered":"http:\/\/blog.magenarquitectos.com\/?p=9359"},"modified":"2021-06-17T10:32:47","modified_gmt":"2021-06-17T10:32:47","slug":"universidad-de-zaragoza-trabajo-fin-de-grado-cristina-ruiz-olalla-moure-del-edificio-a-la-manzana-rehabilitacion-integral-y-sostenible","status":"publish","type":"post","link":"https:\/\/magenarquitectos.com\/en\/universidad-de-zaragoza-trabajo-fin-de-grado-cristina-ruiz-olalla-moure-del-edificio-a-la-manzana-rehabilitacion-integral-y-sostenible\/","title":{"rendered":"Universidad de Zaragoza. Trabajo Fin de Grado. Cristina Ruiz-Olalla Moure: &#8220;Del edificio a la manzana. Rehabilitaci\u00f3n integral y sostenible&#8221;"},"content":{"rendered":"<p><img loading=\"lazy\" class=\"aligncenter size-full wp-image-9360\" src=\"https:\/\/magenarquitectos.com\/wp-content\/uploads\/2021\/06\/RUIZ-OLALLA_MOURE_CRISTINA_641987_TFG.jpg\" alt=\"RUIZ-OLALLA_MOURE_CRISTINA_641987_TFG.pdf\" width=\"1350\" height=\"501\" title=\"\"><\/p>\n<p>&#8220;A diferencia de las propuestas de rehabilitaci\u00f3n llevadas a cabo en Zaragoza en los \u00faltimos a\u00f1os en pol\u00edgonos de vivienda social con grandes proporciones de dinero p\u00fablico, la rehabilitaci\u00f3n energ\u00e9tica propuesta en este trabajo se centra en una superficie urbana de escala intermedia que puede ayudar a comprender las diferencias de la rehabilitaci\u00f3n dependiendo del tama\u00f1o de la actuaci\u00f3n.<br \/>\nLa Urbanizaci\u00f3n Parque Roma, una de las m\u00e1s importantes del barrio de Delicias en Zaragoza, cumple con los requisitos que se buscan. Del bloque a la manzana, el trabajo va desde la calefacci\u00f3n centralizada del conjunto hasta la envolvente de uno de sus bloques.&#8221; Escuela de Arquitectura de la Universidad de Zaragoza. Trabajo Fin de Grado de Cristina Ruiz-Olalla Moure (Directores: Cristina Cabello Matud, Francisco Javier Mag\u00e9n Pardo)<\/p>\n","protected":false},"excerpt":{"rendered":"<p>&#8220;A diferencia de las propuestas de rehabilitaci\u00f3n llevadas a cabo en Zaragoza en los \u00faltimos a\u00f1os en pol\u00edgonos de vivienda social con grandes proporciones de dinero p\u00fablico, la rehabilitaci\u00f3n energ\u00e9tica propuesta en este trabajo se centra en una superficie urbana de escala intermedia que puede ayudar a comprender las diferencias de la rehabilitaci\u00f3n dependiendo del [&hellip;]<\/p>\n","protected":false},"author":1,"featured_media":0,"comment_status":"open","ping_status":"open","sticky":false,"template":"","format":"standard","meta":{"_monsterinsights_skip_tracking":false,"_monsterinsights_sitenote_active":false,"_monsterinsights_sitenote_note":"","_monsterinsights_sitenote_category":0},"categories":[164,130,131,165],"tags":[115,93,94,82,83,96,74],"_links":{"self":[{"href":"https:\/\/magenarquitectos.com\/en\/wp-json\/wp\/v2\/posts\/9359"}],"collection":[{"href":"https:\/\/magenarquitectos.com\/en\/wp-json\/wp\/v2\/posts"}],"about":[{"href":"https:\/\/magenarquitectos.com\/en\/wp-json\/wp\/v2\/types\/post"}],"author":[{"embeddable":true,"href":"https:\/\/magenarquitectos.com\/en\/wp-json\/wp\/v2\/users\/1"}],"replies":[{"embeddable":true,"href":"https:\/\/magenarquitectos.com\/en\/wp-json\/wp\/v2\/comments?post=9359"}],"version-history":[{"count":1,"href":"https:\/\/magenarquitectos.com\/en\/wp-json\/wp\/v2\/posts\/9359\/revisions"}],"predecessor-version":[{"id":12575,"href":"https:\/\/magenarquitectos.com\/en\/wp-json\/wp\/v2\/posts\/9359\/revisions\/12575"}],"wp:attachment":[{"href":"https:\/\/magenarquitectos.com\/en\/wp-json\/wp\/v2\/media?parent=9359"}],"wp:term":[{"taxonomy":"category","embeddable":true,"href":"https:\/\/magenarquitectos.com\/en\/wp-json\/wp\/v2\/categories?post=9359"},{"taxonomy":"post_tag","embeddable":true,"href":"https:\/\/magenarquitectos.com\/en\/wp-json\/wp\/v2\/tags?post=9359"}],"curies":[{"name":"wp","href":"https:\/\/api.w.org\/{rel}","templated":true}]}}