{"id":9365,"date":"2016-10-03T19:28:37","date_gmt":"2016-10-03T17:28:37","guid":{"rendered":"http:\/\/blog.magenarquitectos.com\/?p=9365"},"modified":"2021-06-17T10:32:47","modified_gmt":"2021-06-17T10:32:47","slug":"accesit-premio-garcia-mercadal-en-la-categoria-fomento-y-difusion-de-la-cultura-arquitectonica","status":"publish","type":"post","link":"https:\/\/magenarquitectos.com\/en\/accesit-premio-garcia-mercadal-en-la-categoria-fomento-y-difusion-de-la-cultura-arquitectonica\/","title":{"rendered":"Acc\u00e9sit Premio Garc\u00eda Mercadal, en la categor\u00eda &#8220;Fomento y difusi\u00f3n de la cultura arquitect\u00f3nica&#8221;"},"content":{"rendered":"<p><img loading=\"lazy\" class=\"aligncenter size-full wp-image-9366\" src=\"https:\/\/magenarquitectos.com\/wp-content\/uploads\/2021\/06\/la-fotobn.jpg\" alt=\"Arquitecto Zaragoza\" width=\"1454\" height=\"915\" title=\"\"><\/p>\n<p>El cat\u00e1logo de la exposici\u00f3n &#8220;Local Architecture: Arquitecturas en espacios comerciales de Zaragoza (2003-2015)&#8221; coordinado por Jaime Mag\u00e9n, Ignacio Gonz\u00e1lez Olalla, Marta Quintilla y Carlos Buil, \u00a0ha obtenido un Acc\u00e9sit en la categor\u00eda &#8220;Fomento y Difusi\u00f3n de la Cultura Arquitect\u00f3nica&#8221; en la XXXI edici\u00f3n del Premio Anual de Arquitectura Fernando Garc\u00eda Mercadal, organizado por el Colegio Oficial de Arquitectos de Arag\u00f3n.<\/p>\n<p>El jurado ha concedido el reconocimiento &#8220;porque cuando la relaci\u00f3n arquitect\u00f3nica con la sociedad se produce como en este caso con la Federaci\u00f3n de Empresarios y Servicios de Zaragoza y Provincia, los resultados satisfactorios quedan de manifiesto, y porque el uso de nuevas tecnolog\u00edas aportan adem\u00e1s una mayor difusi\u00f3n cultural de la arquitectura del siglo XXI&#8221;<\/p>\n<p>El\u00a0decano del Colegio Oficial de Arag\u00f3n, Ricardo Marco,\u00a0ha entregado el \u00c1ccesit a los autores y promotores, en el transcurso del acto de entrega de premios que ha tenido lugar en el centro Caixaf\u00f3rum de Zaragoza.<\/p>\n","protected":false},"excerpt":{"rendered":"<p>El cat\u00e1logo de la exposici\u00f3n &#8220;Local Architecture: Arquitecturas en espacios comerciales de Zaragoza (2003-2015)&#8221; coordinado por Jaime Mag\u00e9n, Ignacio Gonz\u00e1lez Olalla, Marta Quintilla y Carlos Buil, \u00a0ha obtenido un Acc\u00e9sit en la categor\u00eda &#8220;Fomento y Difusi\u00f3n de la Cultura Arquitect\u00f3nica&#8221; en la XXXI edici\u00f3n del Premio Anual de Arquitectura Fernando Garc\u00eda Mercadal, organizado por el [&hellip;]<\/p>\n","protected":false},"author":1,"featured_media":0,"comment_status":"open","ping_status":"open","sticky":false,"template":"","format":"standard","meta":{"_monsterinsights_skip_tracking":false,"_monsterinsights_sitenote_active":false,"_monsterinsights_sitenote_note":"","_monsterinsights_sitenote_category":0},"categories":[195,75,204,69,130,113,90,194,131],"tags":[115,62,210,70,72,74],"_links":{"self":[{"href":"https:\/\/magenarquitectos.com\/en\/wp-json\/wp\/v2\/posts\/9365"}],"collection":[{"href":"https:\/\/magenarquitectos.com\/en\/wp-json\/wp\/v2\/posts"}],"about":[{"href":"https:\/\/magenarquitectos.com\/en\/wp-json\/wp\/v2\/types\/post"}],"author":[{"embeddable":true,"href":"https:\/\/magenarquitectos.com\/en\/wp-json\/wp\/v2\/users\/1"}],"replies":[{"embeddable":true,"href":"https:\/\/magenarquitectos.com\/en\/wp-json\/wp\/v2\/comments?post=9365"}],"version-history":[{"count":1,"href":"https:\/\/magenarquitectos.com\/en\/wp-json\/wp\/v2\/posts\/9365\/revisions"}],"predecessor-version":[{"id":12605,"href":"https:\/\/magenarquitectos.com\/en\/wp-json\/wp\/v2\/posts\/9365\/revisions\/12605"}],"wp:attachment":[{"href":"https:\/\/magenarquitectos.com\/en\/wp-json\/wp\/v2\/media?parent=9365"}],"wp:term":[{"taxonomy":"category","embeddable":true,"href":"https:\/\/magenarquitectos.com\/en\/wp-json\/wp\/v2\/categories?post=9365"},{"taxonomy":"post_tag","embeddable":true,"href":"https:\/\/magenarquitectos.com\/en\/wp-json\/wp\/v2\/tags?post=9365"}],"curies":[{"name":"wp","href":"https:\/\/api.w.org\/{rel}","templated":true}]}}