{"id":9368,"date":"2016-10-03T19:46:49","date_gmt":"2016-10-03T17:46:49","guid":{"rendered":"http:\/\/blog.magenarquitectos.com\/?p=9368"},"modified":"2021-06-17T10:32:47","modified_gmt":"2021-06-17T10:32:47","slug":"accesit-premio-garcia-mercadal-en-la-categoria-sostenibilidad-y-medio-ambiente","status":"publish","type":"post","link":"https:\/\/magenarquitectos.com\/en\/accesit-premio-garcia-mercadal-en-la-categoria-sostenibilidad-y-medio-ambiente\/","title":{"rendered":"Acc\u00e9sit Premio Garc\u00eda Mercadal, en la categor\u00eda &#8220;Sostenibilidad y Medio Ambiente&#8221;"},"content":{"rendered":"<p><img loading=\"lazy\" class=\"aligncenter size-full wp-image-9369\" src=\"https:\/\/magenarquitectos.com\/wp-content\/uploads\/2021\/06\/14523121_1181626761912206_8204060903164466698_n-bn.jpg\" alt=\"Arquitecto Zaragoza\" width=\"864\" height=\"656\" title=\"\"><\/p>\n<p>La\u00a0Vivienda Unifamiliar en la urbanizaci\u00f3n Torre del Pinar, en Garrapinillos (Zaragoza). \u00a0\u00a0ha obtenido el Acc\u00e9sit en la categor\u00eda \u201cSostenibilidad y Medio Ambiente\u201d en la XXXI edici\u00f3n del Premio Anual de Arquitectura Fernando Garc\u00eda Mercadal, organizado por el Colegio Oficial de Arquitectos de Arag\u00f3n.<\/p>\n<p>El jurado ha concedido la distinci\u00f3n\u00a0\u201cpor el aprovechamiento de preexistencias, por compaginar estrategias pasivas de dise\u00f1o, por su sensibilidad a valores ambientales, por su integraci\u00f3n y adaptaci\u00f3n al entorno contribuyendo a la mejora social de la zona, por la identificaci\u00f3n con el usuario y por el coste de mantenimiento proporcionado\u201d.<\/p>\n<p>El\u00a0presidente de la Agrupaci\u00f3n de Medio Ambiente (GAMA) del Colegio Oficial de Arquitectos de Arag\u00f3n, Vicente Morant,\u00a0ha entregado el \u00c1ccesit a los arquitectos -Jaime y Francisco Javier Mag\u00e9n,\u00a0al constructor y a los promotores de la vivienda, en el transcurso del acto de entrega de premios que ha tenido lugar en el centro Caixaf\u00f3rum de Zaragoza.<\/p>\n","protected":false},"excerpt":{"rendered":"<p>La\u00a0Vivienda Unifamiliar en la urbanizaci\u00f3n Torre del Pinar, en Garrapinillos (Zaragoza). \u00a0\u00a0ha obtenido el Acc\u00e9sit en la categor\u00eda \u201cSostenibilidad y Medio Ambiente\u201d en la XXXI edici\u00f3n del Premio Anual de Arquitectura Fernando Garc\u00eda Mercadal, organizado por el Colegio Oficial de Arquitectos de Arag\u00f3n. El jurado ha concedido la distinci\u00f3n\u00a0\u201cpor el aprovechamiento de preexistencias, por compaginar [&hellip;]<\/p>\n","protected":false},"author":1,"featured_media":0,"comment_status":"open","ping_status":"open","sticky":false,"template":"","format":"standard","meta":{"_monsterinsights_skip_tracking":false,"_monsterinsights_sitenote_active":false,"_monsterinsights_sitenote_note":"","_monsterinsights_sitenote_category":0},"categories":[195,202,75,76,78,113,95],"tags":[115,62,70,82,83,96,74],"_links":{"self":[{"href":"https:\/\/magenarquitectos.com\/en\/wp-json\/wp\/v2\/posts\/9368"}],"collection":[{"href":"https:\/\/magenarquitectos.com\/en\/wp-json\/wp\/v2\/posts"}],"about":[{"href":"https:\/\/magenarquitectos.com\/en\/wp-json\/wp\/v2\/types\/post"}],"author":[{"embeddable":true,"href":"https:\/\/magenarquitectos.com\/en\/wp-json\/wp\/v2\/users\/1"}],"replies":[{"embeddable":true,"href":"https:\/\/magenarquitectos.com\/en\/wp-json\/wp\/v2\/comments?post=9368"}],"version-history":[{"count":1,"href":"https:\/\/magenarquitectos.com\/en\/wp-json\/wp\/v2\/posts\/9368\/revisions"}],"predecessor-version":[{"id":12602,"href":"https:\/\/magenarquitectos.com\/en\/wp-json\/wp\/v2\/posts\/9368\/revisions\/12602"}],"wp:attachment":[{"href":"https:\/\/magenarquitectos.com\/en\/wp-json\/wp\/v2\/media?parent=9368"}],"wp:term":[{"taxonomy":"category","embeddable":true,"href":"https:\/\/magenarquitectos.com\/en\/wp-json\/wp\/v2\/categories?post=9368"},{"taxonomy":"post_tag","embeddable":true,"href":"https:\/\/magenarquitectos.com\/en\/wp-json\/wp\/v2\/tags?post=9368"}],"curies":[{"name":"wp","href":"https:\/\/api.w.org\/{rel}","templated":true}]}}