{"id":9371,"date":"2016-10-03T19:57:56","date_gmt":"2016-10-03T17:57:56","guid":{"rendered":"http:\/\/blog.magenarquitectos.com\/?p=9371"},"modified":"2021-06-17T10:32:47","modified_gmt":"2021-06-17T10:32:47","slug":"accesit-del-premio-garcia-mercadal-al-mejor-proyecto-de-uso-residencial","status":"publish","type":"post","link":"https:\/\/magenarquitectos.com\/en\/accesit-del-premio-garcia-mercadal-al-mejor-proyecto-de-uso-residencial\/","title":{"rendered":"Acc\u00e9sit del Premio Garc\u00eda Mercadal al Mejor Proyecto de uso Residencial"},"content":{"rendered":"<p><img loading=\"lazy\" class=\"aligncenter size-full wp-image-9372\" src=\"https:\/\/magenarquitectos.com\/wp-content\/uploads\/2021\/06\/14494815_1181626405245575_1266143103178290673_n-bn.jpg\" alt=\"arquitecto zaragoza\" width=\"902\" height=\"644\" title=\"\"><\/p>\n<p>La\u00a0Vivienda Unifamiliar en la urbanizaci\u00f3n Torre del Pinar, en Garrapinillos (Zaragoza)\u00a0ha obtenido el Acc\u00e9sit en la categor\u00eda \u201cEdificaci\u00f3n de Uso Residencial\u201d en la XXXI edici\u00f3n del Premio Anual de Arquitectura Fernando Garc\u00eda Mercadal, organizado por el Colegio Oficial de Arquitectos de Arag\u00f3n.<\/p>\n<p>El jurado ha concedido\u00a0el premio\u00a0\u201cporque se resalta la capacidad de utilizaci\u00f3n de las huellas existentes para construir un discurso, ligado al promotor, donde se ha plasmado un entorno personal\u201d.<\/p>\n<p>El\u00a0presidente del Consejo Superior de los Colegios de Arquitectos de\u00a0Espa\u00f1a (CSCAE),\u00a0Jordi Ludevid,\u00a0ha entregado el \u00c1ccesit a los arquitectos -Jaime y Francisco Javier Mag\u00e9n,\u00a0al constructor y a los promotores de la vivienda, en el transcurso del acto de entrega de premios que ha tenido lugar en el centro Caixaf\u00f3rum de Zaragoza.<\/p>\n","protected":false},"excerpt":{"rendered":"<p>La\u00a0Vivienda Unifamiliar en la urbanizaci\u00f3n Torre del Pinar, en Garrapinillos (Zaragoza)\u00a0ha obtenido el Acc\u00e9sit en la categor\u00eda \u201cEdificaci\u00f3n de Uso Residencial\u201d en la XXXI edici\u00f3n del Premio Anual de Arquitectura Fernando Garc\u00eda Mercadal, organizado por el Colegio Oficial de Arquitectos de Arag\u00f3n. El jurado ha concedido\u00a0el premio\u00a0\u201cporque se resalta la capacidad de utilizaci\u00f3n de las [&hellip;]<\/p>\n","protected":false},"author":1,"featured_media":0,"comment_status":"open","ping_status":"open","sticky":false,"template":"","format":"standard","meta":{"_monsterinsights_skip_tracking":false,"_monsterinsights_sitenote_active":false,"_monsterinsights_sitenote_note":"","_monsterinsights_sitenote_category":0},"categories":[195,202,75,76,113,92,95],"tags":[115,62,70,96,74],"_links":{"self":[{"href":"https:\/\/magenarquitectos.com\/en\/wp-json\/wp\/v2\/posts\/9371"}],"collection":[{"href":"https:\/\/magenarquitectos.com\/en\/wp-json\/wp\/v2\/posts"}],"about":[{"href":"https:\/\/magenarquitectos.com\/en\/wp-json\/wp\/v2\/types\/post"}],"author":[{"embeddable":true,"href":"https:\/\/magenarquitectos.com\/en\/wp-json\/wp\/v2\/users\/1"}],"replies":[{"embeddable":true,"href":"https:\/\/magenarquitectos.com\/en\/wp-json\/wp\/v2\/comments?post=9371"}],"version-history":[{"count":1,"href":"https:\/\/magenarquitectos.com\/en\/wp-json\/wp\/v2\/posts\/9371\/revisions"}],"predecessor-version":[{"id":12599,"href":"https:\/\/magenarquitectos.com\/en\/wp-json\/wp\/v2\/posts\/9371\/revisions\/12599"}],"wp:attachment":[{"href":"https:\/\/magenarquitectos.com\/en\/wp-json\/wp\/v2\/media?parent=9371"}],"wp:term":[{"taxonomy":"category","embeddable":true,"href":"https:\/\/magenarquitectos.com\/en\/wp-json\/wp\/v2\/categories?post=9371"},{"taxonomy":"post_tag","embeddable":true,"href":"https:\/\/magenarquitectos.com\/en\/wp-json\/wp\/v2\/tags?post=9371"}],"curies":[{"name":"wp","href":"https:\/\/api.w.org\/{rel}","templated":true}]}}