{"id":9390,"date":"2016-10-28T21:02:55","date_gmt":"2016-10-28T19:02:55","guid":{"rendered":"http:\/\/blog.magenarquitectos.com\/?p=9390"},"modified":"2021-06-17T10:32:47","modified_gmt":"2021-06-17T10:32:47","slug":"exposicion-common-housing-vivienda-colectiva-en-aragon-2000-2020","status":"publish","type":"post","link":"https:\/\/magenarquitectos.com\/en\/exposicion-common-housing-vivienda-colectiva-en-aragon-2000-2020\/","title":{"rendered":"Exposici\u00f3n COMMON HOUSING \/ Vivienda colectiva en Arag\u00f3n 2000-2020"},"content":{"rendered":"<p><img loading=\"lazy\" class=\"aligncenter size-large wp-image-9391\" src=\"https:\/\/magenarquitectos.com\/wp-content\/uploads\/2021\/06\/bnIMG_5563-1024x872.jpg\" alt=\"arquitecto Zaragoza\" width=\"640\" height=\"545\" title=\"\"><\/p>\n<p>La sala 4\u00ba Espacio (Plaza de Espa\u00f1a, 1) de la Diputaci\u00f3n Provincial de Zaragoza alberga desde este viernes la exposici\u00f3n COMMON HOUSING \/ Vivienda colectiva en Arag\u00f3n 2000-2020, promovida por el Colegio Oficial de Arquitectos de Arag\u00f3n y comisariada por los arquitectos Jaime Mag\u00e9n,\u00a0Ignacio Olalla y Marta Quintilla, y el historiador del arte Carlos Buil.<\/p>\n<p>La muestra recoge 30 actuaciones residenciales, construidas en las dos \u00faltimas d\u00e9cadas en el \u00e1mbito de la regi\u00f3n, clasificadas en funci\u00f3n de su relaci\u00f3n con el tejido urbano de la ciudad. Puede visitarse de martes a s\u00e1bado de 11.00 a 14.00 y de 18.00 a 20.00 y los domingos de 11.00 a 14.00. Posteriormente, la exposici\u00f3n se trasladar\u00e1 a la sede del Colegio de Arquitectos de Arag\u00f3n.<\/p>\n<p>+info:\u00a0\u00a0<a href=\"http:\/\/www.lavanguardia.com\/vida\/20161028\/411410049701\/la-sala-4-espacio-de-la-dpz-inaugura-una-exposicion-sobre-la-vivienda-colectiva-en-aragon.html\" rel=\"nofollow noopener\" target=\"_blank\">La Vanguardia<\/a><\/p>\n<p>&nbsp;<\/p>\n<p>&nbsp;<\/p>\n<p>&nbsp;<\/p>\n<p>&nbsp;<\/p>\n","protected":false},"excerpt":{"rendered":"<p>La sala 4\u00ba Espacio (Plaza de Espa\u00f1a, 1) de la Diputaci\u00f3n Provincial de Zaragoza alberga desde este viernes la exposici\u00f3n COMMON HOUSING \/ Vivienda colectiva en Arag\u00f3n 2000-2020, promovida por el Colegio Oficial de Arquitectos de Arag\u00f3n y comisariada por los arquitectos Jaime Mag\u00e9n,\u00a0Ignacio Olalla y Marta Quintilla, y el historiador del arte Carlos Buil. [&hellip;]<\/p>\n","protected":false},"author":1,"featured_media":0,"comment_status":"open","ping_status":"open","sticky":false,"template":"","format":"standard","meta":{"_monsterinsights_skip_tracking":false,"_monsterinsights_sitenote_active":false,"_monsterinsights_sitenote_note":"","_monsterinsights_sitenote_category":0},"categories":[69,130,131,95],"tags":[68,96,74],"_links":{"self":[{"href":"https:\/\/magenarquitectos.com\/en\/wp-json\/wp\/v2\/posts\/9390"}],"collection":[{"href":"https:\/\/magenarquitectos.com\/en\/wp-json\/wp\/v2\/posts"}],"about":[{"href":"https:\/\/magenarquitectos.com\/en\/wp-json\/wp\/v2\/types\/post"}],"author":[{"embeddable":true,"href":"https:\/\/magenarquitectos.com\/en\/wp-json\/wp\/v2\/users\/1"}],"replies":[{"embeddable":true,"href":"https:\/\/magenarquitectos.com\/en\/wp-json\/wp\/v2\/comments?post=9390"}],"version-history":[{"count":1,"href":"https:\/\/magenarquitectos.com\/en\/wp-json\/wp\/v2\/posts\/9390\/revisions"}],"predecessor-version":[{"id":12590,"href":"https:\/\/magenarquitectos.com\/en\/wp-json\/wp\/v2\/posts\/9390\/revisions\/12590"}],"wp:attachment":[{"href":"https:\/\/magenarquitectos.com\/en\/wp-json\/wp\/v2\/media?parent=9390"}],"wp:term":[{"taxonomy":"category","embeddable":true,"href":"https:\/\/magenarquitectos.com\/en\/wp-json\/wp\/v2\/categories?post=9390"},{"taxonomy":"post_tag","embeddable":true,"href":"https:\/\/magenarquitectos.com\/en\/wp-json\/wp\/v2\/tags?post=9390"}],"curies":[{"name":"wp","href":"https:\/\/api.w.org\/{rel}","templated":true}]}}