{"id":9396,"date":"2016-11-09T16:55:48","date_gmt":"2016-11-09T15:55:48","guid":{"rendered":"http:\/\/blog.magenarquitectos.com\/?p=9396"},"modified":"2021-06-17T10:32:47","modified_gmt":"2021-06-17T10:32:47","slug":"concurso-para-el-auditorio-de-illueca-primer-premio","status":"publish","type":"post","link":"https:\/\/magenarquitectos.com\/en\/concurso-para-el-auditorio-de-illueca-primer-premio\/","title":{"rendered":"Concurso para el Auditorio de Illueca. Primer Premio"},"content":{"rendered":"<p><img loading=\"lazy\" class=\"aligncenter size-large wp-image-9397\" src=\"https:\/\/magenarquitectos.com\/wp-content\/uploads\/2021\/06\/vista-Illueca-def-1024x744.jpg\" alt=\"Arquitectos Zaragoza\" width=\"640\" height=\"465\" title=\"\"><\/p>\n<p>El proyecto\u00a0presentado por Mag\u00e9n Arquitectos ha resultado el ganador del concurso convocado por el Ayuntamiento de Illueca para el nuevo Auditorio Municipal,\u00a0tras haber obtenido la m\u00e1xima puntuaci\u00f3n\u00a0tanto en la valoraci\u00f3n t\u00e9cnica como en la econ\u00f3mica.<\/p>\n<p>El nuevo Auditorio de Illueca se integrar\u00e1 en el tejido urbano del casco hist\u00f3rico mediante una\u00a0volumetr\u00eda escalonada, cubiertas inclinadas y materialidad cer\u00e1mica. La propuesta\u00a0 responde a la posici\u00f3n estrat\u00e9gica del solar, en la esquina entre las calles Huesca y Fueros de Arag\u00f3n, mediante la divisi\u00f3n del programa en cuatro vol\u00famenes, que albergan respectivamente la caja esc\u00e9nica, la platea, el vest\u00edbulo y los servicios anexos.<\/p>\n<p>En relaci\u00f3n a la materialidad del lugar, la elecci\u00f3n del ladrillo responde a la tradici\u00f3n cer\u00e1mica en los equipamientos hist\u00f3ricos de Illueca, como el Castillo Palacio del Papa Luna o la Iglesia de San Juan Bautista. En este caso, el proyecto plantea un uso contempor\u00e1neo del tradicional material cer\u00e1mico, configurando muros y celos\u00edas, que filtrar\u00e1n tanto el paso de la luz natural al interior, como el de la iluminaci\u00f3n artificial desde el edificio al exterior por la noche.<\/p>\n<p>El acceso al edificio, en la esquina hacia la calle Fueros de Arag\u00f3n, se produce mediante un porche en el que tambi\u00e9n se sit\u00faan las taquillas. La apertura de este espacio amplia en planta baja las dimensiones de las calles adyacentes al edificio, para conformar un \u00e1mbito de acceso que recibe al p\u00fablico en la entrada al Auditorio.<\/p>\n","protected":false},"excerpt":{"rendered":"<p>El proyecto\u00a0presentado por Mag\u00e9n Arquitectos ha resultado el ganador del concurso convocado por el Ayuntamiento de Illueca para el nuevo Auditorio Municipal,\u00a0tras haber obtenido la m\u00e1xima puntuaci\u00f3n\u00a0tanto en la valoraci\u00f3n t\u00e9cnica como en la econ\u00f3mica. El nuevo Auditorio de Illueca se integrar\u00e1 en el tejido urbano del casco hist\u00f3rico mediante una\u00a0volumetr\u00eda escalonada, cubiertas inclinadas y [&hellip;]<\/p>\n","protected":false},"author":1,"featured_media":0,"comment_status":"open","ping_status":"open","sticky":false,"template":"","format":"standard","meta":{"_monsterinsights_skip_tracking":false,"_monsterinsights_sitenote_active":false,"_monsterinsights_sitenote_note":"","_monsterinsights_sitenote_category":0},"categories":[195,202,75,78,65,66,113],"tags":[],"_links":{"self":[{"href":"https:\/\/magenarquitectos.com\/en\/wp-json\/wp\/v2\/posts\/9396"}],"collection":[{"href":"https:\/\/magenarquitectos.com\/en\/wp-json\/wp\/v2\/posts"}],"about":[{"href":"https:\/\/magenarquitectos.com\/en\/wp-json\/wp\/v2\/types\/post"}],"author":[{"embeddable":true,"href":"https:\/\/magenarquitectos.com\/en\/wp-json\/wp\/v2\/users\/1"}],"replies":[{"embeddable":true,"href":"https:\/\/magenarquitectos.com\/en\/wp-json\/wp\/v2\/comments?post=9396"}],"version-history":[{"count":1,"href":"https:\/\/magenarquitectos.com\/en\/wp-json\/wp\/v2\/posts\/9396\/revisions"}],"predecessor-version":[{"id":12584,"href":"https:\/\/magenarquitectos.com\/en\/wp-json\/wp\/v2\/posts\/9396\/revisions\/12584"}],"wp:attachment":[{"href":"https:\/\/magenarquitectos.com\/en\/wp-json\/wp\/v2\/media?parent=9396"}],"wp:term":[{"taxonomy":"category","embeddable":true,"href":"https:\/\/magenarquitectos.com\/en\/wp-json\/wp\/v2\/categories?post=9396"},{"taxonomy":"post_tag","embeddable":true,"href":"https:\/\/magenarquitectos.com\/en\/wp-json\/wp\/v2\/tags?post=9396"}],"curies":[{"name":"wp","href":"https:\/\/api.w.org\/{rel}","templated":true}]}}