{"id":9402,"date":"2016-11-29T10:00:20","date_gmt":"2016-11-29T09:00:20","guid":{"rendered":"http:\/\/blog.magenarquitectos.com\/?p=9402"},"modified":"2021-06-17T10:32:47","modified_gmt":"2021-06-17T10:32:47","slug":"francisco-j-magen-jurado-del-concurso-site_dwelling","status":"publish","type":"post","link":"https:\/\/magenarquitectos.com\/en\/francisco-j-magen-jurado-del-concurso-site_dwelling\/","title":{"rendered":"Francisco J. Mag\u00e9n, jurado del concurso internacional &#8220;Site_Dwelling by ARKxSITE&#8221;"},"content":{"rendered":"<p><img loading=\"lazy\" class=\"aligncenter size-large wp-image-9403\" src=\"https:\/\/magenarquitectos.com\/wp-content\/uploads\/2021\/06\/P29-1024x683.jpg\" alt=\"P29\" width=\"640\" height=\"427\" title=\"\"><\/p>\n<p>ARKxSITE convoca un concurso para la definici\u00f3n de un espacio residencial localizado en el acantilado de la bah\u00eda de Salir do Porto, Portugal. El jurado est\u00e1 formado por Francisco J. Mag\u00e9n (Director de Mag\u00e9n Arquitectos), John Sanden e Ingvild Hodnevkam (Directores de Sanden+Hodvenkam Architects) y C\u00e9sar Guerrero y Ana Cecilia Garza (Directores de S-AR). El concurso est\u00e1 abierto a estudiantes de arquitectura y\u00a0 j\u00f3venes arquitectos.<\/p>\n<p>ARKxSITE launches a competition to design of a Site Dwelling located on the cliff of the bay, in the village of Salir do Porto, Portugal. The jury will be formed by Francisco J. Magen (Principal at Magen Arquitectos), John\u00a0 Sanden and Ingvild Hodnevkam (Principals at Sanden+Hodnevkam Architects) and Cesar Guerrero and Ana Cecilia Garza (Principals at S-AR). The competition is open to students of architecture and young architects.<\/p>\n<p>+info: <a href=\"http:\/\/www.arkxsite.com\/\" rel=\"nofollow noopener\" target=\"_blank\">ARKxSITE<\/a><\/p>\n","protected":false},"excerpt":{"rendered":"<p>ARKxSITE convoca un concurso para la definici\u00f3n de un espacio residencial localizado en el acantilado de la bah\u00eda de Salir do Porto, Portugal. El jurado est\u00e1 formado por Francisco J. Mag\u00e9n (Director de Mag\u00e9n Arquitectos), John Sanden e Ingvild Hodnevkam (Directores de Sanden+Hodvenkam Architects) y C\u00e9sar Guerrero y Ana Cecilia Garza (Directores de S-AR). El [&hellip;]<\/p>\n","protected":false},"author":1,"featured_media":0,"comment_status":"open","ping_status":"open","sticky":false,"template":"","format":"standard","meta":{"_monsterinsights_skip_tracking":false,"_monsterinsights_sitenote_active":false,"_monsterinsights_sitenote_note":"","_monsterinsights_sitenote_category":0},"categories":[202,75],"tags":[115,74],"_links":{"self":[{"href":"https:\/\/magenarquitectos.com\/en\/wp-json\/wp\/v2\/posts\/9402"}],"collection":[{"href":"https:\/\/magenarquitectos.com\/en\/wp-json\/wp\/v2\/posts"}],"about":[{"href":"https:\/\/magenarquitectos.com\/en\/wp-json\/wp\/v2\/types\/post"}],"author":[{"embeddable":true,"href":"https:\/\/magenarquitectos.com\/en\/wp-json\/wp\/v2\/users\/1"}],"replies":[{"embeddable":true,"href":"https:\/\/magenarquitectos.com\/en\/wp-json\/wp\/v2\/comments?post=9402"}],"version-history":[{"count":1,"href":"https:\/\/magenarquitectos.com\/en\/wp-json\/wp\/v2\/posts\/9402\/revisions"}],"predecessor-version":[{"id":12578,"href":"https:\/\/magenarquitectos.com\/en\/wp-json\/wp\/v2\/posts\/9402\/revisions\/12578"}],"wp:attachment":[{"href":"https:\/\/magenarquitectos.com\/en\/wp-json\/wp\/v2\/media?parent=9402"}],"wp:term":[{"taxonomy":"category","embeddable":true,"href":"https:\/\/magenarquitectos.com\/en\/wp-json\/wp\/v2\/categories?post=9402"},{"taxonomy":"post_tag","embeddable":true,"href":"https:\/\/magenarquitectos.com\/en\/wp-json\/wp\/v2\/tags?post=9402"}],"curies":[{"name":"wp","href":"https:\/\/api.w.org\/{rel}","templated":true}]}}