{"id":9405,"date":"2016-12-06T17:22:04","date_gmt":"2016-12-06T16:22:04","guid":{"rendered":"http:\/\/blog.magenarquitectos.com\/?p=9405"},"modified":"2021-06-17T10:32:47","modified_gmt":"2021-06-17T10:32:47","slug":"arquia-proxima-2016-futuro-imperfecto","status":"publish","type":"post","link":"https:\/\/magenarquitectos.com\/en\/arquia-proxima-2016-futuro-imperfecto\/","title":{"rendered":"Arqu\u00eda Pr\u00f3xima 2016. Futuro Imperfecto."},"content":{"rendered":"<p><img loading=\"lazy\" class=\"aligncenter size-full wp-image-9406\" src=\"https:\/\/magenarquitectos.com\/wp-content\/uploads\/2021\/06\/ARQUIA-2016-001.jpg\" alt=\"ARQUIA-2016---001\" width=\"322\" height=\"507\" title=\"\"><\/p>\n<p>El libro &#8220;Arqu\u00eda Pr\u00f3xima 2016. Futuro Imperfecto&#8221;, editado por Fundaci\u00f3n Arqu\u00eda,\u00a0 incluye tres obras de Mag\u00e9n Arquitectos, el Centro de Educaci\u00f3n Infantil Valdespartera, el Centro de Educaci\u00f3n Infantil Parque Goya, ambos en Zaragoza, y la Sede de la Comarca del Bajo Mart\u00edn en H\u00edjar (Teruel).<\/p>\n<p>The book \u201cArquia Proxima 2016. Futuro imperfecto\u201d, edited by Arquia,\u00a0includes three works by Magen Arquitectos, Kindergarten Valdespartera, Kindergarten Parque Goya, both in Zaragoza, and Bajo Martin County Seat in Hijar (Teruel),<\/p>\n<p>Esp, 24&#215;22 cm, 312 p. &#8211; ISBN 978-84-617-4584-5<\/p>\n","protected":false},"excerpt":{"rendered":"<p>El libro &#8220;Arqu\u00eda Pr\u00f3xima 2016. Futuro Imperfecto&#8221;, editado por Fundaci\u00f3n Arqu\u00eda,\u00a0 incluye tres obras de Mag\u00e9n Arquitectos, el Centro de Educaci\u00f3n Infantil Valdespartera, el Centro de Educaci\u00f3n Infantil Parque Goya, ambos en Zaragoza, y la Sede de la Comarca del Bajo Mart\u00edn en H\u00edjar (Teruel). The book \u201cArquia Proxima 2016. Futuro imperfecto\u201d, edited by Arquia,\u00a0includes [&hellip;]<\/p>\n","protected":false},"author":1,"featured_media":0,"comment_status":"open","ping_status":"open","sticky":false,"template":"","format":"standard","meta":{"_monsterinsights_skip_tracking":false,"_monsterinsights_sitenote_active":false,"_monsterinsights_sitenote_note":"","_monsterinsights_sitenote_category":0},"categories":[195,202,65,66,139,204,113,90,194],"tags":[115,74],"_links":{"self":[{"href":"https:\/\/magenarquitectos.com\/en\/wp-json\/wp\/v2\/posts\/9405"}],"collection":[{"href":"https:\/\/magenarquitectos.com\/en\/wp-json\/wp\/v2\/posts"}],"about":[{"href":"https:\/\/magenarquitectos.com\/en\/wp-json\/wp\/v2\/types\/post"}],"author":[{"embeddable":true,"href":"https:\/\/magenarquitectos.com\/en\/wp-json\/wp\/v2\/users\/1"}],"replies":[{"embeddable":true,"href":"https:\/\/magenarquitectos.com\/en\/wp-json\/wp\/v2\/comments?post=9405"}],"version-history":[{"count":1,"href":"https:\/\/magenarquitectos.com\/en\/wp-json\/wp\/v2\/posts\/9405\/revisions"}],"predecessor-version":[{"id":12572,"href":"https:\/\/magenarquitectos.com\/en\/wp-json\/wp\/v2\/posts\/9405\/revisions\/12572"}],"wp:attachment":[{"href":"https:\/\/magenarquitectos.com\/en\/wp-json\/wp\/v2\/media?parent=9405"}],"wp:term":[{"taxonomy":"category","embeddable":true,"href":"https:\/\/magenarquitectos.com\/en\/wp-json\/wp\/v2\/categories?post=9405"},{"taxonomy":"post_tag","embeddable":true,"href":"https:\/\/magenarquitectos.com\/en\/wp-json\/wp\/v2\/tags?post=9405"}],"curies":[{"name":"wp","href":"https:\/\/api.w.org\/{rel}","templated":true}]}}