{"id":9412,"date":"2016-12-06T18:35:11","date_gmt":"2016-12-06T17:35:11","guid":{"rendered":"http:\/\/blog.magenarquitectos.com\/?p=9412"},"modified":"2021-06-17T10:32:47","modified_gmt":"2021-06-17T10:32:47","slug":"magen-arquitectos-obtiene-el-architectural-record-design-vanguard-2016","status":"publish","type":"post","link":"https:\/\/magenarquitectos.com\/en\/magen-arquitectos-obtiene-el-architectural-record-design-vanguard-2016\/","title":{"rendered":"Mag\u00e9n Arquitectos obtiene el Architectural Record DESIGN VANGUARD 2016 !!!"},"content":{"rendered":"<p><img loading=\"lazy\" class=\"aligncenter size-full wp-image-9413\" src=\"https:\/\/magenarquitectos.com\/wp-content\/uploads\/2021\/06\/CynouS-W8AAajCz.jpg\" alt=\"design vanguard\" width=\"701\" height=\"380\" title=\"\"><\/p>\n<p>Mag\u00e9n Arquitectos ha sido galardonado con el premio <strong>Design Vanguard<\/strong> en su edici\u00f3n de 2016, un premio concedido desde el a\u00f1o 2000 por la revista americana <a href=\"http:\/\/www.architecturalrecord.com\/\" rel=\"nofollow noopener\" target=\"_blank\">Architectural Record\u00a0&#8211;<\/a>una de las\u00a0publicaciones internacionales de referencia en materia de arquitectura-, que reconoce cada a\u00f1o\u00a0a los 10 estudios emergentes\u00a0del panorama internacional.<\/p>\n<p>A trav\u00e9s de este <a href=\"http:\/\/www.architecturalrecord.com\/topics\/166-Design-Vanguard\" rel=\"nofollow noopener\" target=\"_blank\">enlace<\/a> se puede acceder al listado de premiados en esta edici\u00f3n, entre los que tambi\u00e9n\u00a0se\u00a0encuentra\u00a0el estudio granadino\u00a0CUAC Arquitectura.\u00a0El premio Design Vanguard, iniciado en el a\u00f1o 2000, ha sido concedido en ediciones anteriores a arquitectos internacionales de la talla de Alejandro Aravena, Sou Fujimoto o Bjarke Ingels (BIG). En los \u00faltimos a\u00f1os, destacados estudios espa\u00f1oles han sido reconocidos internacionalmente en las sucesivas ediciones:\u00a0Mag\u00e9n Arquitectos, CUAC Arquitectura (2016); Losada-Garc\u00eda (2015); Barozzi\/Veiga, Andr\u00e9s Jaque (2014); H\u00e9ctor Fern\u00e1ndez Elorza, Grupo Aranea (2013); FRPO (2012); I\u00f1aqui Carnicero, Arquitecturia (2011),&#8230;<\/p>\n<p>A trav\u00e9s de este otro <a href=\"http:\/\/www.architecturalrecord.com\/articles\/12047-mag%C3%A9n-architects\" rel=\"nofollow noopener\" target=\"_blank\">enlace<\/a> se puede leer el art\u00edculo del cr\u00edtico estadounidense <strong>David Cohn <\/strong>sobre la trayectoria de Mag\u00e9n Arquitectos, publicado en el actual n\u00famero de Diciembre de Architectural Record:<\/p>\n<p>&#8220;Mag\u00e9n Architects: Materials, construction practice, and place inform the dynamic, sculptural buildings of two Spanish brothers (&#8230;)&#8221;<\/p>\n<hr \/>\n<p>Mag\u00e9n Architects has been awarded with the <strong>Design Vanguard 2016 <\/strong>for emerging architects by the New York-based magazine Architectural Record.<\/p>\n<p>The American monthly magazine <a href=\"http:\/\/www.architecturalrecord.com\/\" rel=\"nofollow noopener\" target=\"_blank\">Architectural Record\u00a0<\/a>(AR), dedicated to architecture and interior design, published their first issue in 1891. In 124 years it has been an influential and highly professional voice featuring articles that showcases noteworthy architectural works throughout the global landscape. The magazine holds a close relationship with the American Institute of Architects (AIA) and with high quality photos and to the spot exciting projects makes it accessible to the general public as well.<\/p>\n<p><em>Architectural Record\u2019s<\/em> annual Design Vanguard issue brings together the architects who are already doing some of the most innovative architecture work in the field and will lead the profession in the future. They are the firms at the forefront of design and the architects to watch.<\/p>\n<p>Design Vanguard began in <em>Architectural Record<\/em> in 2000 with the intention of spotlighting the future architectural leaders of the profession. Vanguard architects are selected by a panel of professionals including deans of architecture and critics from around the country after they reviewed design portfolios<\/p>\n<p>Since 2000 AR has annually presented a Design Vanguard that spotlights architects doing some of the most innovative work in the field who will lead the profession in the future. It goes without saying that being among the ten on this annual list is to be considered a great acknowledgment! AR\u00b4s Design Vanguard 2016 list is as follows:<\/p>\n<p>CUAC Arquitectura, Granada, Spain<\/p>\n<p>Young &amp; Ayata, Brooklyn, New York<\/p>\n<p>Studio Andrea Dragoni, Perugia, Italy<\/p>\n<p>Alexander Jermyn Architecture, Berkeley, California<\/p>\n<p>Facet Studio, Osaka, Japan, and Sidney<\/p>\n<p>Abruzzo Bodziak Architects, Brooklyn, New York<\/p>\n<p>Studio Akkerhuis, Paris<\/p>\n<p>Waechter Architecture, Portland, Oregon<\/p>\n<p>Mohamed Amine Siana, Casablanca, Morocco<\/p>\n<p>Mag\u00e9n Architects, Zaragoza, Spain<\/p>\n<p><a href=\"http:\/\/www.architecturalrecord.com\/topics\/166-design-vanguard\" rel=\"nofollow noopener\" target=\"_blank\">Link<\/a> to AR\u00b4s\u00a0Design Vanguard 2016 winners;<\/p>\n<p>&#8220;Since 2000, Design Vanguard has showcased emerging architects from around the world. For this program, RECORD looks at firms established no more than 10 years ago that are demonstrating inventive approaches to shaping the built environment. Unlike some years past, when young architects were still coping with the economic downturn, this year\u2019s winners have a robust body of built work and are making a big impact on the places where they practice.&#8221;<\/p>\n<p><a href=\"http:\/\/www.architecturalrecord.com\/articles\/12047-mag%C3%A9n-architects\" rel=\"nofollow noopener\" target=\"_blank\">Link<\/a> to the article of David Cohn\u00a0featuring Mag\u00e9n Architects.<\/p>\n<p>&#8220;Mag\u00e9n Architects: Materials, construction practice, and place inform the dynamic, sculptural buildings of two Spanish brothers (&#8230;)&#8221;<\/p>\n<p>&nbsp;<\/p>\n","protected":false},"excerpt":{"rendered":"<p>Mag\u00e9n Arquitectos ha sido galardonado con el premio Design Vanguard en su edici\u00f3n de 2016, un premio concedido desde el a\u00f1o 2000 por la revista americana Architectural Record\u00a0&#8211;una de las\u00a0publicaciones internacionales de referencia en materia de arquitectura-, que reconoce cada a\u00f1o\u00a0a los 10 estudios emergentes\u00a0del panorama internacional. A trav\u00e9s de este enlace se puede acceder [&hellip;]<\/p>\n","protected":false},"author":1,"featured_media":0,"comment_status":"open","ping_status":"open","sticky":false,"template":"","format":"standard","meta":{"_monsterinsights_skip_tracking":false,"_monsterinsights_sitenote_active":false,"_monsterinsights_sitenote_note":"","_monsterinsights_sitenote_category":0},"categories":[195,202,75,113,90,194],"tags":[115,62,70,74],"_links":{"self":[{"href":"https:\/\/magenarquitectos.com\/en\/wp-json\/wp\/v2\/posts\/9412"}],"collection":[{"href":"https:\/\/magenarquitectos.com\/en\/wp-json\/wp\/v2\/posts"}],"about":[{"href":"https:\/\/magenarquitectos.com\/en\/wp-json\/wp\/v2\/types\/post"}],"author":[{"embeddable":true,"href":"https:\/\/magenarquitectos.com\/en\/wp-json\/wp\/v2\/users\/1"}],"replies":[{"embeddable":true,"href":"https:\/\/magenarquitectos.com\/en\/wp-json\/wp\/v2\/comments?post=9412"}],"version-history":[{"count":1,"href":"https:\/\/magenarquitectos.com\/en\/wp-json\/wp\/v2\/posts\/9412\/revisions"}],"predecessor-version":[{"id":12569,"href":"https:\/\/magenarquitectos.com\/en\/wp-json\/wp\/v2\/posts\/9412\/revisions\/12569"}],"wp:attachment":[{"href":"https:\/\/magenarquitectos.com\/en\/wp-json\/wp\/v2\/media?parent=9412"}],"wp:term":[{"taxonomy":"category","embeddable":true,"href":"https:\/\/magenarquitectos.com\/en\/wp-json\/wp\/v2\/categories?post=9412"},{"taxonomy":"post_tag","embeddable":true,"href":"https:\/\/magenarquitectos.com\/en\/wp-json\/wp\/v2\/tags?post=9412"}],"curies":[{"name":"wp","href":"https:\/\/api.w.org\/{rel}","templated":true}]}}