{"id":9433,"date":"2017-01-02T11:00:10","date_gmt":"2017-01-02T10:00:10","guid":{"rendered":"http:\/\/blog.magenarquitectos.com\/?p=9433"},"modified":"2021-06-17T10:32:46","modified_gmt":"2021-06-17T10:32:46","slug":"2016-resumen-grafico","status":"publish","type":"post","link":"https:\/\/magenarquitectos.com\/en\/2016-resumen-grafico\/","title":{"rendered":"2016. Resumen gr\u00e1fico"},"content":{"rendered":"<p><img loading=\"lazy\" class=\"aligncenter size-large wp-image-9434\" src=\"https:\/\/magenarquitectos.com\/wp-content\/uploads\/2021\/06\/2016_res-1024x921.jpg\" alt=\"Magen Arquitectos Zaragoza\" width=\"640\" height=\"576\" title=\"\"><\/p>\n<p><strong>(1)<\/strong> La <a href=\"http:\/\/magenarquitectos.com\/centro-de-educacion-infantil-en-la-ecociudad-valdespartera\/\">Escuela Infantil Valdespartera<\/a>, seleccionada en la XIII Bienal Espa\u00f1ola de Arquitectura y Urbanismo <a href=\"http:\/\/blog.magenarquitectos.com\/2016\/03\/08\/xiii-bienal-espanola-de-arquitectura-y-urbanismo-seleccionado\/\">[ir]<\/a> \/ <a href=\"http:\/\/english.magenarquitectos.com\/kindergarten-valdespartera\/\">Kindergarten Valdespartera<\/a>, selected in XIII Spanish Biennial of Architecture and Urbanism <a href=\"http:\/\/blog.magenarquitectos.com\/2016\/03\/08\/xiii-bienal-espanola-de-arquitectura-y-urbanismo-seleccionado\/\">[go]<\/a><\/p>\n<p><strong>(2)<\/strong> La <a href=\"http:\/\/magenarquitectos.com\/casa-patio-zaragoza\/\">Casa en Torre Pinar<\/a>, premiada en los XXXI Premios G. Mercadal, XII Premios 3 de Abril y IX Premios Porcelanosa <a href=\"http:\/\/blog.magenarquitectos.com\/2016\/10\/03\/accesit-del-premio-garcia-mercadal-al-mejor-proyecto-de-uso-residencial\/\">[ir]<\/a> \/ <a href=\"http:\/\/english.magenarquitectos.com\/villa-in-zaragoza\/\">DV House<\/a>, awarded in XXXI Award G. Mercadal, XII 3 de Abril Awards and IX Porcelanosa Award\u00a0 <a href=\"http:\/\/blog.magenarquitectos.com\/2016\/10\/03\/accesit-del-premio-garcia-mercadal-al-mejor-proyecto-de-uso-residencial\/\">[go]<\/a><\/p>\n<p><strong>(3)<\/strong> Primer Premio en el Concurso para el <a href=\"http:\/\/magenarquitectos.com\/auditorio-de-illueca\/\">Auditorio de Illueca<\/a> <a href=\"http:\/\/blog.magenarquitectos.com\/2016\/11\/09\/concurso-para-el-auditorio-de-illueca-primer-premio\/\">[ir]<\/a> \/ 1st Prize in the Competition for an <a href=\"http:\/\/english.magenarquitectos.com\/illueca-auditorium\/\">Auditorium in Illueca<\/a> <a href=\"http:\/\/blog.magenarquitectos.com\/2016\/11\/09\/concurso-para-el-auditorio-de-illueca-primer-premio\/\">[go]<\/a><\/p>\n<p><strong>(4)<\/strong> Primer Premio en el Concurso para la Facultad de Filosof\u00eda y Letras de la Universidad de Zaragoza <a href=\"http:\/\/blog.magenarquitectos.com\/2016\/12\/20\/la-ute-magen-arquitectos-slp-ingenieria-torne-sl-gana-el-concurso-para-la-facultad-de-filosofia-y-letras-de-la-universidad-de-zaragoza\/\">[ir]<\/a> \/ 1st Prize in the Competition for the Philosophy Faculty. University of Zaragoza <a href=\"http:\/\/blog.magenarquitectos.com\/2016\/12\/20\/la-ute-magen-arquitectos-slp-ingenieria-torne-sl-gana-el-concurso-para-la-facultad-de-filosofia-y-letras-de-la-universidad-de-zaragoza\/\">[go]<\/a><\/p>\n<p><strong>(5)<\/strong> Mag\u00e9n Arquitectos, premiados con el Design Vanguard 2016 por Architectural Record <a href=\"http:\/\/blog.magenarquitectos.com\/2016\/12\/06\/magen-arquitectos-obtiene-el-architectural-record-design-vanguard-2016\/\">[ir]<\/a> \/ Magen Arquitectos, awarded in Architectural Record` Design Vanguard 2016 <a href=\"http:\/\/blog.magenarquitectos.com\/2016\/12\/06\/magen-arquitectos-obtiene-el-architectural-record-design-vanguard-2016\/\">[go]<\/a><\/p>\n<p><strong>(6)<\/strong> El <a href=\"http:\/\/magenarquitectos.com\/ayuntamiento-de-escatron-primera-fase\/\">Ayuntamiento de Escatr\u00f3n<\/a>, publicado en el Anuario AV Espa\u00f1a 2016\u00a0 <a href=\"http:\/\/blog.magenarquitectos.com\/2016\/03\/16\/el-ayuntamiento-de-escatron-publicado-en-el-anuario-av-espana-2016-spain-yearbook\/\">[ir]<\/a> \/ <a href=\"http:\/\/english.magenarquitectos.com\/town-hall-in-escatron-first-phase\/\">Town Hall in Escatron<\/a>, published in AV Spain 2016 Yearbook <a href=\"http:\/\/blog.magenarquitectos.com\/2016\/03\/16\/el-ayuntamiento-de-escatron-publicado-en-el-anuario-av-espana-2016-spain-yearbook\/\">[go]<\/a><\/p>\n<p><strong>(7)<\/strong> Jaime Mag\u00e9n particip\u00f3 en el III Congreso Nacional de Arquitectura &#8220;Pioneros de la Arquitectura Moderna Espa\u00f1ola&#8221;\u00a0 <a href=\"http:\/\/blog.magenarquitectos.com\/2016\/05\/18\/iii-congreso-nacional-de-arquitectura-pioneros-de-la-arquitectura-moderna-espanola\/\">[ir]<\/a> \/ Jaime Magen took part in the III National Congress of Architecture \u201cPioneers of \u00a0 Spanish Modern Architecture\u201d <a href=\"http:\/\/blog.magenarquitectos.com\/2016\/05\/18\/iii-congreso-nacional-de-arquitectura-pioneros-de-la-arquitectura-moderna-espanola\/\">[go]<\/a><\/p>\n<p><strong>(8)<\/strong> Jaime Mag\u00e9n, comisario de la exposici\u00f3n &#8220;Common Housing: Vivienda colectiva en Arag\u00f3n 2000-2020&#8221;\u00a0 <a href=\"http:\/\/blog.magenarquitectos.com\/2016\/10\/28\/exposicion-common-housing-vivienda-colectiva-en-aragon-2000-2020\/\">[ir]<\/a> \/ Exhibition &#8220;Common Housing: collective housing in Aragon: 2000-2020&#8221; curated by Jaime Magen <a href=\"http:\/\/blog.magenarquitectos.com\/2016\/10\/28\/exposicion-common-housing-vivienda-colectiva-en-aragon-2000-2020\/\">[go]<\/a><\/p>\n<p><strong>(9)<\/strong> Primeros Premios en el Concurso para el CIP Arcosur en Zaragoza y el Concurso para la Ampliaci\u00f3n del IES Torre de los Espejos en Utebo \/ 1st Prizes in Competition for Arcosur school complex in Zaragoza and Competition for Extension of Torre de los Espejos institute en Utebo<\/p>\n","protected":false},"excerpt":{"rendered":"<p>(1) La Escuela Infantil Valdespartera, seleccionada en la XIII Bienal Espa\u00f1ola de Arquitectura y Urbanismo [ir] \/ Kindergarten Valdespartera, selected in XIII Spanish Biennial of Architecture and Urbanism [go] (2) La Casa en Torre Pinar, premiada en los XXXI Premios G. Mercadal, XII Premios 3 de Abril y IX Premios Porcelanosa [ir] \/ DV House, [&hellip;]<\/p>\n","protected":false},"author":1,"featured_media":0,"comment_status":"open","ping_status":"open","sticky":false,"template":"","format":"standard","meta":{"_monsterinsights_skip_tracking":false,"_monsterinsights_sitenote_active":false,"_monsterinsights_sitenote_note":"","_monsterinsights_sitenote_category":0},"categories":[86,195,220,202,75,196,76,212,213,164,77,78,97,65,66,67,139,132,204,69,125,130,217,113,90,194,92,131,165,146,95,117],"tags":[100,115,62,126,134,80,140,87,68,142,89,70,93,94,82,83,96,74],"_links":{"self":[{"href":"https:\/\/magenarquitectos.com\/en\/wp-json\/wp\/v2\/posts\/9433"}],"collection":[{"href":"https:\/\/magenarquitectos.com\/en\/wp-json\/wp\/v2\/posts"}],"about":[{"href":"https:\/\/magenarquitectos.com\/en\/wp-json\/wp\/v2\/types\/post"}],"author":[{"embeddable":true,"href":"https:\/\/magenarquitectos.com\/en\/wp-json\/wp\/v2\/users\/1"}],"replies":[{"embeddable":true,"href":"https:\/\/magenarquitectos.com\/en\/wp-json\/wp\/v2\/comments?post=9433"}],"version-history":[{"count":1,"href":"https:\/\/magenarquitectos.com\/en\/wp-json\/wp\/v2\/posts\/9433\/revisions"}],"predecessor-version":[{"id":12563,"href":"https:\/\/magenarquitectos.com\/en\/wp-json\/wp\/v2\/posts\/9433\/revisions\/12563"}],"wp:attachment":[{"href":"https:\/\/magenarquitectos.com\/en\/wp-json\/wp\/v2\/media?parent=9433"}],"wp:term":[{"taxonomy":"category","embeddable":true,"href":"https:\/\/magenarquitectos.com\/en\/wp-json\/wp\/v2\/categories?post=9433"},{"taxonomy":"post_tag","embeddable":true,"href":"https:\/\/magenarquitectos.com\/en\/wp-json\/wp\/v2\/tags?post=9433"}],"curies":[{"name":"wp","href":"https:\/\/api.w.org\/{rel}","templated":true}]}}