{"id":9450,"date":"2017-01-30T12:32:56","date_gmt":"2017-01-30T11:32:56","guid":{"rendered":"http:\/\/blog.magenarquitectos.com\/?p=9450"},"modified":"2021-06-17T10:32:46","modified_gmt":"2021-06-17T10:32:46","slug":"filosofia-y-letras-tiene-un-plan-heraldo-de-aragon","status":"publish","type":"post","link":"https:\/\/magenarquitectos.com\/en\/filosofia-y-letras-tiene-un-plan-heraldo-de-aragon\/","title":{"rendered":"&#8220;Filosof\u00eda y Letras tiene un plan&#8221;. Heraldo de Arag\u00f3n"},"content":{"rendered":"<p><img loading=\"lazy\" class=\"aligncenter wp-image-9451\" src=\"https:\/\/magenarquitectos.com\/wp-content\/uploads\/2021\/06\/filosofia_magen.jpg\" alt=\"Magen Arquitectos Zaragoza\" width=\"700\" height=\"539\" title=\"\"><\/p>\n<p>La Universidad de Zaragoza ha presentado el Anteproyecto de Ampliaci\u00f3n y Reforma de la Facultad de Filosof\u00eda y Letras de la Universidad de Zaragoza, seg\u00fan la propuesta ganadora del Concurso presentada por la UTE Mag\u00e9n Arquitectos &#8211; Ingenier\u00eda Torn\u00e9, basada en\u00a0criterios de integraci\u00f3n, funcionalidad y sostenibilidad.<\/p>\n","protected":false},"excerpt":{"rendered":"<p>La Universidad de Zaragoza ha presentado el Anteproyecto de Ampliaci\u00f3n y Reforma de la Facultad de Filosof\u00eda y Letras de la Universidad de Zaragoza, seg\u00fan la propuesta ganadora del Concurso presentada por la UTE Mag\u00e9n Arquitectos &#8211; Ingenier\u00eda Torn\u00e9, basada en\u00a0criterios de integraci\u00f3n, funcionalidad y sostenibilidad.<\/p>\n","protected":false},"author":1,"featured_media":0,"comment_status":"open","ping_status":"open","sticky":false,"template":"","format":"standard","meta":{"_monsterinsights_skip_tracking":false,"_monsterinsights_sitenote_active":false,"_monsterinsights_sitenote_note":"","_monsterinsights_sitenote_category":0},"categories":[202,75,65,139,92],"tags":[115,134,80,93,94,82,83,74],"_links":{"self":[{"href":"https:\/\/magenarquitectos.com\/en\/wp-json\/wp\/v2\/posts\/9450"}],"collection":[{"href":"https:\/\/magenarquitectos.com\/en\/wp-json\/wp\/v2\/posts"}],"about":[{"href":"https:\/\/magenarquitectos.com\/en\/wp-json\/wp\/v2\/types\/post"}],"author":[{"embeddable":true,"href":"https:\/\/magenarquitectos.com\/en\/wp-json\/wp\/v2\/users\/1"}],"replies":[{"embeddable":true,"href":"https:\/\/magenarquitectos.com\/en\/wp-json\/wp\/v2\/comments?post=9450"}],"version-history":[{"count":1,"href":"https:\/\/magenarquitectos.com\/en\/wp-json\/wp\/v2\/posts\/9450\/revisions"}],"predecessor-version":[{"id":12554,"href":"https:\/\/magenarquitectos.com\/en\/wp-json\/wp\/v2\/posts\/9450\/revisions\/12554"}],"wp:attachment":[{"href":"https:\/\/magenarquitectos.com\/en\/wp-json\/wp\/v2\/media?parent=9450"}],"wp:term":[{"taxonomy":"category","embeddable":true,"href":"https:\/\/magenarquitectos.com\/en\/wp-json\/wp\/v2\/categories?post=9450"},{"taxonomy":"post_tag","embeddable":true,"href":"https:\/\/magenarquitectos.com\/en\/wp-json\/wp\/v2\/tags?post=9450"}],"curies":[{"name":"wp","href":"https:\/\/api.w.org\/{rel}","templated":true}]}}